{"id":304073,"date":"2018-02-14T14:18:08","date_gmt":"2018-02-14T18:18:08","guid":{"rendered":"http:\/\/primermomento.com\/?p=304073"},"modified":"2018-02-14T14:18:08","modified_gmt":"2018-02-14T18:18:08","slug":"desmienten-exista-escasez-de-dolares-en-la-republica-dominicana","status":"publish","type":"post","link":"https:\/\/primermomento.com\/?p=304073","title":{"rendered":"Desmienten exista escasez de d\u00f3lares en la Rep\u00fablica Dominicana"},"content":{"rendered":"<div class=\"fullNewsIntrotext\">SANTO DOMINGO, Rep\u00fablica Dominicana.- El gobernador del Banco Central dominicano, H\u00e9ctor Valdez, desminti\u00f3 hoy que exista escasez de d\u00f3lares en este pa\u00eds y se\u00f1al\u00f3 que el mercado fluye normalmente.<\/div>\n<div><\/div>\n<div class=\"fullNewsFulltext\">\n<figure id=\"attachment_304074\" aria-describedby=\"caption-attachment-304074\" style=\"width: 300px\" class=\"wp-caption alignright\"><img loading=\"lazy\" decoding=\"async\" class=\"size-medium wp-image-304074\" src=\"http:\/\/primermomento.com\/wp-content\/uploads\/2018\/02\/Hector-Valdez-300x200.jpg\" alt=\"\" width=\"300\" height=\"200\" srcset=\"https:\/\/primermomento.com\/wp-content\/uploads\/2018\/02\/Hector-Valdez-300x200.jpg 300w, https:\/\/primermomento.com\/wp-content\/uploads\/2018\/02\/Hector-Valdez-73x50.jpg 73w, https:\/\/primermomento.com\/wp-content\/uploads\/2018\/02\/Hector-Valdez-500x333.jpg 500w, https:\/\/primermomento.com\/wp-content\/uploads\/2018\/02\/Hector-Valdez-280x186.jpg 280w, https:\/\/primermomento.com\/wp-content\/uploads\/2018\/02\/Hector-Valdez-60x40.jpg 60w, https:\/\/primermomento.com\/wp-content\/uploads\/2018\/02\/Hector-Valdez-638x425.jpg 638w, https:\/\/primermomento.com\/wp-content\/uploads\/2018\/02\/Hector-Valdez-118x79.jpg 118w, https:\/\/primermomento.com\/wp-content\/uploads\/2018\/02\/Hector-Valdez-479x319.jpg 479w, https:\/\/primermomento.com\/wp-content\/uploads\/2018\/02\/Hector-Valdez.jpg 748w\" sizes=\"auto, (max-width: 300px) 100vw, 300px\" \/><figcaption id=\"caption-attachment-304074\" class=\"wp-caption-text\">H\u00e9ctor Valdez.<\/figcaption><\/figure>\n<p>Seg\u00fan medios de prensa, el directivo se\u00f1al\u00f3 que el ente emisor acumul\u00f3 este a\u00f1o 940 millones de d\u00f3lares m\u00e1s que el a\u00f1o pasado y quedan seis mil 800 millones disponibles.<\/p>\n<p>No hay que preocuparse porque todos los a\u00f1os cuando escasea el d\u00f3lar cubrimos a trav\u00e9s de diferentes mecanismos las necesidades de d\u00f3lares y despu\u00e9s se normaliza, agreg\u00f3.<\/p>\n<p>Asimismo explic\u00f3 que los bancos comerciales muchas veces priorizan a los clientes corporativos m\u00e1s grandes y van llegando hasta cubrirlo todo, &#8216;pero si fuera necesario nosotros contribuimos a resolver el problema&#8217;.<\/p>\n<p>En los \u00faltimos d\u00edas se difundi\u00f3 que en los bancos hab\u00eda poca disponibilidad de d\u00f3lares para efectuar las transacciones financieras y eso cre\u00f3 preocupaci\u00f3n en el sector empresarial y la poblaci\u00f3n.<\/p><\/div>\n<div><\/div>\n<div style=\"text-align: right;\"><span style=\"color: #ff0000;\"><em>PL<\/em><\/span><\/div>\n","protected":false},"excerpt":{"rendered":"<p>SANTO DOMINGO, Rep\u00fablica Dominicana.- El gobernador del Banco Central dominicano, H\u00e9ctor Valdez, desminti\u00f3 hoy que exista escasez de d\u00f3lares en este pa\u00eds y se\u00f1al\u00f3 que el mercado fluye normalmente. Seg\u00fan medios de prensa, el directivo se\u00f1al\u00f3 que el ente emisor acumul\u00f3 este a\u00f1o 940 millones de d\u00f3lares m\u00e1s que el a\u00f1o pasado y quedan seis [&hellip;]<\/p>\n","protected":false},"author":1,"featured_media":0,"comment_status":"open","ping_status":"open","sticky":false,"template":"","format":"standard","meta":{"_bbp_topic_count":0,"_bbp_reply_count":0,"_bbp_total_topic_count":0,"_bbp_total_reply_count":0,"_bbp_voice_count":0,"_bbp_anonymous_reply_count":0,"_bbp_topic_count_hidden":0,"_bbp_reply_count_hidden":0,"_bbp_forum_subforum_count":0,"footnotes":""},"categories":[35,60],"tags":[],"class_list":{"0":"post-304073","1":"post","2":"type-post","3":"status-publish","4":"format-standard","6":"category-economia","7":"category-titulares-del-dia"},"_links":{"self":[{"href":"https:\/\/primermomento.com\/index.php?rest_route=\/wp\/v2\/posts\/304073","targetHints":{"allow":["GET"]}}],"collection":[{"href":"https:\/\/primermomento.com\/index.php?rest_route=\/wp\/v2\/posts"}],"about":[{"href":"https:\/\/primermomento.com\/index.php?rest_route=\/wp\/v2\/types\/post"}],"author":[{"embeddable":true,"href":"https:\/\/primermomento.com\/index.php?rest_route=\/wp\/v2\/users\/1"}],"replies":[{"embeddable":true,"href":"https:\/\/primermomento.com\/index.php?rest_route=%2Fwp%2Fv2%2Fcomments&post=304073"}],"version-history":[{"count":0,"href":"https:\/\/primermomento.com\/index.php?rest_route=\/wp\/v2\/posts\/304073\/revisions"}],"wp:attachment":[{"href":"https:\/\/primermomento.com\/index.php?rest_route=%2Fwp%2Fv2%2Fmedia&parent=304073"}],"wp:term":[{"taxonomy":"category","embeddable":true,"href":"https:\/\/primermomento.com\/index.php?rest_route=%2Fwp%2Fv2%2Fcategories&post=304073"},{"taxonomy":"post_tag","embeddable":true,"href":"https:\/\/primermomento.com\/index.php?rest_route=%2Fwp%2Fv2%2Ftags&post=304073"}],"curies":[{"name":"wp","href":"https:\/\/api.w.org\/{rel}","templated":true}]}}