{"id":304375,"date":"2018-02-22T09:48:46","date_gmt":"2018-02-22T13:48:46","guid":{"rendered":"http:\/\/primermomento.com\/?p=304375"},"modified":"2018-02-22T09:49:25","modified_gmt":"2018-02-22T13:49:25","slug":"dominicana-y-la-fao-por-mejorar-condiciones-de-vida-de-la-poblacion","status":"publish","type":"post","link":"https:\/\/primermomento.com\/?p=304375","title":{"rendered":"Dominicana y la FAO por mejorar condiciones de vida de la poblaci\u00f3n"},"content":{"rendered":"<div class=\"fullNewsIntrotext\">SANTO DOMINGO, Rep\u00fablicaDominicana.- Este pa\u00eds y la Organizaci\u00f3n de Naciones Unidas para la Alimentaci\u00f3n y la Agricultura (FAO), firmaron el Marco de Programaci\u00f3n de Pa\u00eds que define las acciones a ejecutar entre ambos durante los pr\u00f3ximos cuatro a\u00f1os, se divulg\u00f3 hoy.<\/div>\n<div><\/div>\n<div class=\"fullNewsFulltext\">\n<figure id=\"attachment_296489\" aria-describedby=\"caption-attachment-296489\" style=\"width: 300px\" class=\"wp-caption alignleft\"><img loading=\"lazy\" decoding=\"async\" class=\"size-medium wp-image-296489\" src=\"http:\/\/primermomento.com\/wp-content\/uploads\/2017\/11\/Isidoro-Santana-300x199.jpg\" alt=\"\" width=\"300\" height=\"199\" srcset=\"https:\/\/primermomento.com\/wp-content\/uploads\/2017\/11\/Isidoro-Santana-300x199.jpg 300w, https:\/\/primermomento.com\/wp-content\/uploads\/2017\/11\/Isidoro-Santana-500x332.jpg 500w, https:\/\/primermomento.com\/wp-content\/uploads\/2017\/11\/Isidoro-Santana-280x186.jpg 280w, https:\/\/primermomento.com\/wp-content\/uploads\/2017\/11\/Isidoro-Santana-60x40.jpg 60w, https:\/\/primermomento.com\/wp-content\/uploads\/2017\/11\/Isidoro-Santana-638x424.jpg 638w, https:\/\/primermomento.com\/wp-content\/uploads\/2017\/11\/Isidoro-Santana-118x78.jpg 118w, https:\/\/primermomento.com\/wp-content\/uploads\/2017\/11\/Isidoro-Santana-479x318.jpg 479w, https:\/\/primermomento.com\/wp-content\/uploads\/2017\/11\/Isidoro-Santana-153x100.jpg 153w, https:\/\/primermomento.com\/wp-content\/uploads\/2017\/11\/Isidoro-Santana.jpg 640w\" sizes=\"auto, (max-width: 300px) 100vw, 300px\" \/><figcaption id=\"caption-attachment-296489\" class=\"wp-caption-text\">Isidoro Santana.<\/figcaption><\/figure>\n<p>Seg\u00fan una nota de prensa de la Presidencia, el acuerdo dar\u00e1 prioridad a tres \u00e1reas: la institucionalidad de la seguridad alimentaria con enfoque de derechos, la promoci\u00f3n del desarrollo incluyente y sostenible en los territorios rurales, y la gesti\u00f3n integral de los recursos naturales y riesgos en la promoci\u00f3n de un sector agropecuario sostenible.<\/p>\n<p>El marco de programaci\u00f3n tendr\u00e1 una efectividad de cuatro a\u00f1os y prev\u00e9 una colaboraci\u00f3n con el pa\u00eds por alrededor de 5,4 millones de d\u00f3lares y esos recursos ser\u00e1n distribuidos en las tres \u00e1reas prioritarias identificadas para contribuir al desarrollo y la mejora de las condiciones de vida de la poblaci\u00f3n, agrega la informaci\u00f3n.<\/p>\n<p>El ministro dominicano de Econom\u00eda, Planificaci\u00f3n y Desarrollo (Mepyd), Isidoro Santana, presente en el acto, expres\u00f3 que este acuerdo contribuir\u00e1 a alcanzar las estrategias e iniciativas asumidas por el gobierno junto a los organismos internacionales.<\/p>\n<p>El prop\u00f3sito, dijo, es cumplir con las metas trazadas en los Objetivos de Desarrollo Sostenible, particularmente el objetivo hambre cero.<\/p>\n<p>Por su parte, el ministro de Agricultura, Angel Est\u00e9vez, manifest\u00f3 su compromiso para contribuir al empuje de lo acordado que ser\u00e1 un gran \u00e9xito para todos los involucrados pues garantizar\u00e1 la alimentaci\u00f3n del pa\u00eds y abre las ventanas del mundo a trav\u00e9s de las exportaciones.<\/p>\n<p>La r\u00fabrica del convenio tuvo lugar en la sede del Mepyd y fue suscrito por Est\u00e9vez, Santana y el ministro de Medio Ambiente, Francisco Dom\u00ednguez junto con el representante de la FAO en esta naci\u00f3n, Carmelo Gallardo.<\/p>\n<\/div>\n<div><\/div>\n<div style=\"text-align: right;\"><span style=\"color: #ff0000;\"><em>PL<\/em><\/span><\/div>\n","protected":false},"excerpt":{"rendered":"<p>SANTO DOMINGO, Rep\u00fablicaDominicana.- Este pa\u00eds y la Organizaci\u00f3n de Naciones Unidas para la Alimentaci\u00f3n y la Agricultura (FAO), firmaron el Marco de Programaci\u00f3n de Pa\u00eds que define las acciones a ejecutar entre ambos durante los pr\u00f3ximos cuatro a\u00f1os, se divulg\u00f3 hoy. Seg\u00fan una nota de prensa de la Presidencia, el acuerdo dar\u00e1 prioridad a tres [&hellip;]<\/p>\n","protected":false},"author":1,"featured_media":0,"comment_status":"open","ping_status":"open","sticky":false,"template":"","format":"standard","meta":{"_bbp_topic_count":0,"_bbp_reply_count":0,"_bbp_total_topic_count":0,"_bbp_total_reply_count":0,"_bbp_voice_count":0,"_bbp_anonymous_reply_count":0,"_bbp_topic_count_hidden":0,"_bbp_reply_count_hidden":0,"_bbp_forum_subforum_count":0,"footnotes":""},"categories":[35,60],"tags":[],"class_list":{"0":"post-304375","1":"post","2":"type-post","3":"status-publish","4":"format-standard","6":"category-economia","7":"category-titulares-del-dia"},"_links":{"self":[{"href":"https:\/\/primermomento.com\/index.php?rest_route=\/wp\/v2\/posts\/304375","targetHints":{"allow":["GET"]}}],"collection":[{"href":"https:\/\/primermomento.com\/index.php?rest_route=\/wp\/v2\/posts"}],"about":[{"href":"https:\/\/primermomento.com\/index.php?rest_route=\/wp\/v2\/types\/post"}],"author":[{"embeddable":true,"href":"https:\/\/primermomento.com\/index.php?rest_route=\/wp\/v2\/users\/1"}],"replies":[{"embeddable":true,"href":"https:\/\/primermomento.com\/index.php?rest_route=%2Fwp%2Fv2%2Fcomments&post=304375"}],"version-history":[{"count":0,"href":"https:\/\/primermomento.com\/index.php?rest_route=\/wp\/v2\/posts\/304375\/revisions"}],"wp:attachment":[{"href":"https:\/\/primermomento.com\/index.php?rest_route=%2Fwp%2Fv2%2Fmedia&parent=304375"}],"wp:term":[{"taxonomy":"category","embeddable":true,"href":"https:\/\/primermomento.com\/index.php?rest_route=%2Fwp%2Fv2%2Fcategories&post=304375"},{"taxonomy":"post_tag","embeddable":true,"href":"https:\/\/primermomento.com\/index.php?rest_route=%2Fwp%2Fv2%2Ftags&post=304375"}],"curies":[{"name":"wp","href":"https:\/\/api.w.org\/{rel}","templated":true}]}}