{"id":304628,"date":"2018-03-02T08:47:03","date_gmt":"2018-03-02T12:47:03","guid":{"rendered":"http:\/\/primermomento.com\/?p=304628"},"modified":"2018-03-02T12:49:05","modified_gmt":"2018-03-02T16:49:05","slug":"eeuu-impondra-tasas-reciprocas-a-las-importaciones-anuncia-trump","status":"publish","type":"post","link":"https:\/\/primermomento.com\/?p=304628","title":{"rendered":"EEUU impondr\u00e1 tasas rec\u00edprocas a las importaciones, anuncia Trump"},"content":{"rendered":"<div class=\"fullNewsIntrotext\">WASHINGTON, Distrito de Columbia.- El presidente Donald Trump anunci\u00f3 hoy que pronto Estados Unidos impondr\u00e1 tasas rec\u00edprocas a las importaciones de sus socios con el fin de disminuir el d\u00e9ficit comercial norteamericano.<\/div>\n<div><\/div>\n<div class=\"fullNewsFulltext\"><img loading=\"lazy\" decoding=\"async\" class=\"size-medium wp-image-304629 alignleft\" src=\"http:\/\/primermomento.com\/wp-content\/uploads\/2018\/03\/trump-y-aranceles-300x200.jpg\" alt=\"\" width=\"300\" height=\"200\" srcset=\"https:\/\/primermomento.com\/wp-content\/uploads\/2018\/03\/trump-y-aranceles-300x200.jpg 300w, https:\/\/primermomento.com\/wp-content\/uploads\/2018\/03\/trump-y-aranceles-73x50.jpg 73w, https:\/\/primermomento.com\/wp-content\/uploads\/2018\/03\/trump-y-aranceles-500x333.jpg 500w, https:\/\/primermomento.com\/wp-content\/uploads\/2018\/03\/trump-y-aranceles-280x186.jpg 280w, https:\/\/primermomento.com\/wp-content\/uploads\/2018\/03\/trump-y-aranceles-60x40.jpg 60w, https:\/\/primermomento.com\/wp-content\/uploads\/2018\/03\/trump-y-aranceles-638x425.jpg 638w, https:\/\/primermomento.com\/wp-content\/uploads\/2018\/03\/trump-y-aranceles-118x79.jpg 118w, https:\/\/primermomento.com\/wp-content\/uploads\/2018\/03\/trump-y-aranceles-479x319.jpg 479w, https:\/\/primermomento.com\/wp-content\/uploads\/2018\/03\/trump-y-aranceles.jpg 748w\" sizes=\"auto, (max-width: 300px) 100vw, 300px\" \/>&#8216;Cuando un pa\u00eds grava nuestros productos a, digamos, 50 por ciento, y nosotros gravamos el mismo producto que entra a nuestro pa\u00eds a cero, no es ni justo ni inteligente&#8217;, apunt\u00f3 el gobernante en su cuenta personal de la red social Twitter.<\/p>\n<p>&#8216;Pronto empezaremos los impuestos rec\u00edprocos para que cobremos lo mismo que nos cobran. 800 mil millones de d\u00f3lares de d\u00e9ficit comercial. Sin elecci\u00f3n&#8217;, agreg\u00f3.<\/p>\n<p>Antes de esos tuits, Trump, consider\u00f3 que la industria nacional de acero est\u00e1 en mal estado, y &#8216;se debe proteger a los trabajadores norteamericanos&#8217;.<\/p>\n<p>Si no tienes acero, no tienes un pa\u00eds, escribi\u00f3 el mandatario en la plataforma de microblogging.<\/p>\n<p>Tambi\u00e9n se\u00f1al\u00f3 que &#8216;cuando un pa\u00eds (Estados Unidos) est\u00e1 perdiendo miles de millones de d\u00f3lares en el comercio con pr\u00e1cticamente todos los pa\u00edses con los cuales tiene negocios, las guerras comerciales son buenas y f\u00e1ciles de ganar&#8217;.<\/p>\n<p>&#8216;Por ejemplo, cuando perdemos 100 mil millones con un pa\u00eds concreto y se muestran satisfechos, ya no comerciamos m\u00e1s, y ganamos a lo grande. \u00c2\u00edEs f\u00e1cil!, agreg\u00f3.<\/p>\n<p>Estos comentarios del jefe de la Casa Blanca se produjeron un d\u00eda despu\u00e9s de que anunci\u00f3 que Estados Unidos impondr\u00e1 la pr\u00f3xima semana aranceles a las importaciones de acero y aluminio de un 25 y 10 por ciento, respectivamente.<\/p>\n<p>Durante una reuni\u00f3n en la Casa Blanca con ejecutivos de la industria sider\u00fargica, Trump prometi\u00f3 adem\u00e1s la reconstrucci\u00f3n de cada uno de esos sectores. A su juicio, y como expres\u00f3 previamente en Twitter, Estados Unidos ha recibido un trato injusto de otras naciones durante d\u00e9cadas.<\/p>\n<p>Por primera vez en mucho tiempo estas importaciones tendr\u00e1n protecciones, sostuvo el mandatario en el encuentro, que fue convocado, seg\u00fan informaciones de prensa, de manera apresurada despu\u00e9s de horas de confusi\u00f3n sobre un posible anuncio al respecto.<\/p>\n<p>Trump orden\u00f3 el a\u00f1o pasado al Departamento de Comercio que revisara el proceso para la adquisici\u00f3n de ambos metales, y tiene un plazo hasta el 11 y el 19 de abril para tomar una determinaci\u00f3n sobre el acero y el aluminio, en ese orden.<\/p>\n<p>Reportes period\u00edsticos comentaron que cualquier acci\u00f3n para imponer aranceles probablemente aumentar\u00e1 las tensiones con los socios estadounidenses.<\/p>\n<p>Los cr\u00edticos de la decisi\u00f3n temen que otros pa\u00edses tomen represalias o utilicen la seguridad nacional como pretexto para imponer sus propias sanciones comerciales.<\/p>\n<p>Tambi\u00e9n argumentan que los castigos incrementar\u00edan los precios y perjudicar\u00edan a los fabricantes de autom\u00f3viles estadounidenses y otras empresas que utilizan acero y aluminio.<\/p>\n<p>Hasta el momento, divulgaron las fuentes, los temores de una creciente guerra comercial provocaron liquidaciones masivas en Wall Street, y tambi\u00e9n en Asia y Europa.<\/p>\n<p>Junto a otras opciones, que incluyen diferentes tarifas a pa\u00edses espec\u00edficos, el secretario norteamericano de Comercio, Wilbur Ross, sugiri\u00f3 a Trump imponer aranceles de 24 y 7,7 por ciento, en cada caso.<\/p><\/div>\n<div style=\"text-align: right;\"><span style=\"color: #ff0000;\"><em>PL<\/em><\/span><\/div>\n","protected":false},"excerpt":{"rendered":"<p>WASHINGTON, Distrito de Columbia.- El presidente Donald Trump anunci\u00f3 hoy que pronto Estados Unidos impondr\u00e1 tasas rec\u00edprocas a las importaciones de sus socios con el fin de disminuir el d\u00e9ficit comercial norteamericano. &#8216;Cuando un pa\u00eds grava nuestros productos a, digamos, 50 por ciento, y nosotros gravamos el mismo producto que entra a nuestro pa\u00eds a [&hellip;]<\/p>\n","protected":false},"author":1,"featured_media":0,"comment_status":"open","ping_status":"open","sticky":false,"template":"","format":"standard","meta":{"_bbp_topic_count":0,"_bbp_reply_count":0,"_bbp_total_topic_count":0,"_bbp_total_reply_count":0,"_bbp_voice_count":0,"_bbp_anonymous_reply_count":0,"_bbp_topic_count_hidden":0,"_bbp_reply_count_hidden":0,"_bbp_forum_subforum_count":0,"footnotes":""},"categories":[35,60],"tags":[],"class_list":{"0":"post-304628","1":"post","2":"type-post","3":"status-publish","4":"format-standard","6":"category-economia","7":"category-titulares-del-dia"},"_links":{"self":[{"href":"https:\/\/primermomento.com\/index.php?rest_route=\/wp\/v2\/posts\/304628","targetHints":{"allow":["GET"]}}],"collection":[{"href":"https:\/\/primermomento.com\/index.php?rest_route=\/wp\/v2\/posts"}],"about":[{"href":"https:\/\/primermomento.com\/index.php?rest_route=\/wp\/v2\/types\/post"}],"author":[{"embeddable":true,"href":"https:\/\/primermomento.com\/index.php?rest_route=\/wp\/v2\/users\/1"}],"replies":[{"embeddable":true,"href":"https:\/\/primermomento.com\/index.php?rest_route=%2Fwp%2Fv2%2Fcomments&post=304628"}],"version-history":[{"count":0,"href":"https:\/\/primermomento.com\/index.php?rest_route=\/wp\/v2\/posts\/304628\/revisions"}],"wp:attachment":[{"href":"https:\/\/primermomento.com\/index.php?rest_route=%2Fwp%2Fv2%2Fmedia&parent=304628"}],"wp:term":[{"taxonomy":"category","embeddable":true,"href":"https:\/\/primermomento.com\/index.php?rest_route=%2Fwp%2Fv2%2Fcategories&post=304628"},{"taxonomy":"post_tag","embeddable":true,"href":"https:\/\/primermomento.com\/index.php?rest_route=%2Fwp%2Fv2%2Ftags&post=304628"}],"curies":[{"name":"wp","href":"https:\/\/api.w.org\/{rel}","templated":true}]}}