{"id":304967,"date":"2018-03-12T11:30:38","date_gmt":"2018-03-12T15:30:38","guid":{"rendered":"http:\/\/primermomento.com\/?p=304967"},"modified":"2018-03-12T12:32:05","modified_gmt":"2018-03-12T16:32:05","slug":"desciende-indice-de-precios-al-consumidor-en-la-republica-dominicana","status":"publish","type":"post","link":"https:\/\/primermomento.com\/?p=304967","title":{"rendered":"Desciende \u00edndice de precios al consumidor en la Rep\u00fablica Dominicana"},"content":{"rendered":"<div class=\"fullNewsIntrotext\">SANTO DOMINGO, Rep\u00fablica Dominicana.- El Indice de Precios al Consumidor (IPC) en Dominicana, decreci\u00f3 0,11 por ciento en febrero de este a\u00f1o en comparaci\u00f3n con el mes precedente, inform\u00f3 hoy el Banco Central de la Rep\u00fablica.<\/div>\n<div><\/div>\n<div class=\"fullNewsFulltext\"><img loading=\"lazy\" decoding=\"async\" class=\"size-full wp-image-277773 alignright\" src=\"http:\/\/primermomento.com\/wp-content\/uploads\/2016\/06\/Banco-Central-RD.jpg\" alt=\"\" width=\"276\" height=\"183\" srcset=\"https:\/\/primermomento.com\/wp-content\/uploads\/2016\/06\/Banco-Central-RD.jpg 276w, https:\/\/primermomento.com\/wp-content\/uploads\/2016\/06\/Banco-Central-RD-60x40.jpg 60w, https:\/\/primermomento.com\/wp-content\/uploads\/2016\/06\/Banco-Central-RD-118x78.jpg 118w, https:\/\/primermomento.com\/wp-content\/uploads\/2016\/06\/Banco-Central-RD-153x100.jpg 153w\" sizes=\"auto, (max-width: 276px) 100vw, 276px\" \/>Seg\u00fan los datos aportados por esa instituci\u00f3n, la inflaci\u00f3n acumulada en lo que va de a\u00f1o se encuentra en 0,18 por ciento, mientras la interanual lleg\u00f3 a 3,32.<\/p>\n<p>El ente emisor explic\u00f3 que esa variaci\u00f3n se produjo principalmente por el comportamiento de los precios en los alimentos y bebidas no alcoh\u00f3licas, vivienda, transporte y bebidas alcoh\u00f3licas y tabaco.<\/p>\n<p>Asimismo, revel\u00f3 que la inflaci\u00f3n subyacente interanual se coloc\u00f3 en 2,46 por ciento, indicador que estima las presiones inflacionarias de origen monetario.<\/p><\/div>\n<div><\/div>\n<div style=\"text-align: right;\"><span style=\"color: #ff0000;\"><em>PL<\/em><\/span><\/div>\n","protected":false},"excerpt":{"rendered":"<p>SANTO DOMINGO, Rep\u00fablica Dominicana.- El Indice de Precios al Consumidor (IPC) en Dominicana, decreci\u00f3 0,11 por ciento en febrero de este a\u00f1o en comparaci\u00f3n con el mes precedente, inform\u00f3 hoy el Banco Central de la Rep\u00fablica. Seg\u00fan los datos aportados por esa instituci\u00f3n, la inflaci\u00f3n acumulada en lo que va de a\u00f1o se encuentra en [&hellip;]<\/p>\n","protected":false},"author":1,"featured_media":0,"comment_status":"open","ping_status":"open","sticky":false,"template":"","format":"standard","meta":{"_bbp_topic_count":0,"_bbp_reply_count":0,"_bbp_total_topic_count":0,"_bbp_total_reply_count":0,"_bbp_voice_count":0,"_bbp_anonymous_reply_count":0,"_bbp_topic_count_hidden":0,"_bbp_reply_count_hidden":0,"_bbp_forum_subforum_count":0,"footnotes":""},"categories":[35,60],"tags":[],"class_list":{"0":"post-304967","1":"post","2":"type-post","3":"status-publish","4":"format-standard","6":"category-economia","7":"category-titulares-del-dia"},"_links":{"self":[{"href":"https:\/\/primermomento.com\/index.php?rest_route=\/wp\/v2\/posts\/304967","targetHints":{"allow":["GET"]}}],"collection":[{"href":"https:\/\/primermomento.com\/index.php?rest_route=\/wp\/v2\/posts"}],"about":[{"href":"https:\/\/primermomento.com\/index.php?rest_route=\/wp\/v2\/types\/post"}],"author":[{"embeddable":true,"href":"https:\/\/primermomento.com\/index.php?rest_route=\/wp\/v2\/users\/1"}],"replies":[{"embeddable":true,"href":"https:\/\/primermomento.com\/index.php?rest_route=%2Fwp%2Fv2%2Fcomments&post=304967"}],"version-history":[{"count":0,"href":"https:\/\/primermomento.com\/index.php?rest_route=\/wp\/v2\/posts\/304967\/revisions"}],"wp:attachment":[{"href":"https:\/\/primermomento.com\/index.php?rest_route=%2Fwp%2Fv2%2Fmedia&parent=304967"}],"wp:term":[{"taxonomy":"category","embeddable":true,"href":"https:\/\/primermomento.com\/index.php?rest_route=%2Fwp%2Fv2%2Fcategories&post=304967"},{"taxonomy":"post_tag","embeddable":true,"href":"https:\/\/primermomento.com\/index.php?rest_route=%2Fwp%2Fv2%2Ftags&post=304967"}],"curies":[{"name":"wp","href":"https:\/\/api.w.org\/{rel}","templated":true}]}}