{"id":305262,"date":"2018-03-20T11:52:18","date_gmt":"2018-03-20T15:52:18","guid":{"rendered":"http:\/\/primermomento.com\/?p=305262"},"modified":"2018-03-20T15:13:33","modified_gmt":"2018-03-20T19:13:33","slug":"bid-recomienda-a-dominicana-una-mayor-inversion-en-educacion","status":"publish","type":"post","link":"https:\/\/primermomento.com\/?p=305262","title":{"rendered":"BID recomienda a Dominicana una mayor inversi\u00f3n en educaci\u00f3n"},"content":{"rendered":"<div class=\"fullNewsIntrotext\">SANTO DOMINGO, Rep\u00fablica Dominicana.- El Banco Interamericano de Desarrollo (BID) recomend\u00f3 hoy a Rep\u00fablica Dominicana considerar una mayor inversi\u00f3n en educaci\u00f3n para cerrar las brechas en este sector con respecto a Am\u00e9rica Latina.<\/div>\n<div><\/div>\n<div><img loading=\"lazy\" decoding=\"async\" class=\"size-medium wp-image-281982 alignright\" src=\"http:\/\/primermomento.com\/wp-content\/uploads\/2016\/10\/escuelas-dominicanas-300x199.jpg\" alt=\"\" width=\"300\" height=\"199\" srcset=\"https:\/\/primermomento.com\/wp-content\/uploads\/2016\/10\/escuelas-dominicanas-300x199.jpg 300w, https:\/\/primermomento.com\/wp-content\/uploads\/2016\/10\/escuelas-dominicanas-768x510.jpg 768w, https:\/\/primermomento.com\/wp-content\/uploads\/2016\/10\/escuelas-dominicanas-1024x680.jpg 1024w, https:\/\/primermomento.com\/wp-content\/uploads\/2016\/10\/escuelas-dominicanas-500x332.jpg 500w, https:\/\/primermomento.com\/wp-content\/uploads\/2016\/10\/escuelas-dominicanas-280x186.jpg 280w, https:\/\/primermomento.com\/wp-content\/uploads\/2016\/10\/escuelas-dominicanas-60x40.jpg 60w, https:\/\/primermomento.com\/wp-content\/uploads\/2016\/10\/escuelas-dominicanas-638x423.jpg 638w, https:\/\/primermomento.com\/wp-content\/uploads\/2016\/10\/escuelas-dominicanas-118x78.jpg 118w, https:\/\/primermomento.com\/wp-content\/uploads\/2016\/10\/escuelas-dominicanas-479x318.jpg 479w, https:\/\/primermomento.com\/wp-content\/uploads\/2016\/10\/escuelas-dominicanas-153x100.jpg 153w, https:\/\/primermomento.com\/wp-content\/uploads\/2016\/10\/escuelas-dominicanas.jpg 1600w\" sizes=\"auto, (max-width: 300px) 100vw, 300px\" \/>En su informe final del estudio Crecimiento Inclusivo, retos y oportunidades para Centroam\u00e9rica y Rep\u00fablica Dominicana, divulgado en esta capital, el BID considera que el gasto en el sector educativo debe llegar a un ocho por ciento del Producto Interno Bruto.<\/div>\n<div class=\"fullNewsFulltext\">\n<p>El documento se\u00f1ala que la poblaci\u00f3n con mayores niveles de capital humano hace a un pa\u00eds m\u00e1s atractivo para la inversi\u00f3n y el crecimiento econ\u00f3mico, adem\u00e1s, con habilidades tendr\u00eda mejores salarios y un mejor nivel de vida.<\/p>\n<p>Asimismo, el estudio del banco resalta c\u00f3mo en educaci\u00f3n, el mayor reto para Centroam\u00e9rica y Dominicana es el nivel secundario pues solo una parte de los j\u00f3venes de la regi\u00f3n finaliza ese nivel.<\/p>\n<p>Al parecer, factores como la ruralidad, el tama\u00f1o y los hogares conformados por un solo jefe de familia, influyen de manera negativa en la asistencia a la escuela en j\u00f3venes entre 15 y 17 a\u00f1os, precisa el informe.<\/p>\n<p>Por \u00faltimo, resalta la inexistencia de una receta m\u00e1gica com\u00fan para todos los pa\u00edses en vista de que todos muestran etapas de desarrollo distintas en sus niveles de educaci\u00f3n y salud, de ah\u00ed deban desarrollar las espec\u00edficas para cada naci\u00f3n en funci\u00f3n de los requerimientos y necesidades.<\/p>\n<\/div>\n<div><\/div>\n<div style=\"text-align: right;\"><span style=\"color: #ff0000;\"><em>PL<\/em><\/span><\/div>\n","protected":false},"excerpt":{"rendered":"<p>SANTO DOMINGO, Rep\u00fablica Dominicana.- El Banco Interamericano de Desarrollo (BID) recomend\u00f3 hoy a Rep\u00fablica Dominicana considerar una mayor inversi\u00f3n en educaci\u00f3n para cerrar las brechas en este sector con respecto a Am\u00e9rica Latina. En su informe final del estudio Crecimiento Inclusivo, retos y oportunidades para Centroam\u00e9rica y Rep\u00fablica Dominicana, divulgado en esta capital, el BID [&hellip;]<\/p>\n","protected":false},"author":1,"featured_media":0,"comment_status":"open","ping_status":"open","sticky":false,"template":"","format":"standard","meta":{"_bbp_topic_count":0,"_bbp_reply_count":0,"_bbp_total_topic_count":0,"_bbp_total_reply_count":0,"_bbp_voice_count":0,"_bbp_anonymous_reply_count":0,"_bbp_topic_count_hidden":0,"_bbp_reply_count_hidden":0,"_bbp_forum_subforum_count":0,"footnotes":""},"categories":[35,60],"tags":[],"class_list":{"0":"post-305262","1":"post","2":"type-post","3":"status-publish","4":"format-standard","6":"category-economia","7":"category-titulares-del-dia"},"_links":{"self":[{"href":"https:\/\/primermomento.com\/index.php?rest_route=\/wp\/v2\/posts\/305262","targetHints":{"allow":["GET"]}}],"collection":[{"href":"https:\/\/primermomento.com\/index.php?rest_route=\/wp\/v2\/posts"}],"about":[{"href":"https:\/\/primermomento.com\/index.php?rest_route=\/wp\/v2\/types\/post"}],"author":[{"embeddable":true,"href":"https:\/\/primermomento.com\/index.php?rest_route=\/wp\/v2\/users\/1"}],"replies":[{"embeddable":true,"href":"https:\/\/primermomento.com\/index.php?rest_route=%2Fwp%2Fv2%2Fcomments&post=305262"}],"version-history":[{"count":0,"href":"https:\/\/primermomento.com\/index.php?rest_route=\/wp\/v2\/posts\/305262\/revisions"}],"wp:attachment":[{"href":"https:\/\/primermomento.com\/index.php?rest_route=%2Fwp%2Fv2%2Fmedia&parent=305262"}],"wp:term":[{"taxonomy":"category","embeddable":true,"href":"https:\/\/primermomento.com\/index.php?rest_route=%2Fwp%2Fv2%2Fcategories&post=305262"},{"taxonomy":"post_tag","embeddable":true,"href":"https:\/\/primermomento.com\/index.php?rest_route=%2Fwp%2Fv2%2Ftags&post=305262"}],"curies":[{"name":"wp","href":"https:\/\/api.w.org\/{rel}","templated":true}]}}