{"id":305481,"date":"2018-03-29T08:26:46","date_gmt":"2018-03-29T12:26:46","guid":{"rendered":"http:\/\/primermomento.com\/?p=305481"},"modified":"2018-03-29T15:28:15","modified_gmt":"2018-03-29T19:28:15","slug":"uso-de-antibioticos-crecera-un-200-por-ciento-para-2030","status":"publish","type":"post","link":"https:\/\/primermomento.com\/?p=305481","title":{"rendered":"Uso de antibi\u00f3ticos crecer\u00e1 un 200 por ciento para 2030"},"content":{"rendered":"<div class=\"fullNewsIntrotext\">WASHINGTON, Distrito de Columbia.- El uso global de antibi\u00f3ticos crecer\u00e1 200 por ciento para 2030, alert\u00f3 hoy un estudio de la revista Proceedings de la Academia de Ciencias de Estados Unidos.<\/div>\n<div><\/div>\n<div class=\"fullNewsFulltext\"><img loading=\"lazy\" decoding=\"async\" class=\"size-medium wp-image-277376 alignleft\" src=\"http:\/\/primermomento.com\/wp-content\/uploads\/2016\/06\/antibioticos-y-bebes-300x200.jpg\" alt=\"\" width=\"300\" height=\"200\" srcset=\"https:\/\/primermomento.com\/wp-content\/uploads\/2016\/06\/antibioticos-y-bebes-300x200.jpg 300w, https:\/\/primermomento.com\/wp-content\/uploads\/2016\/06\/antibioticos-y-bebes-768x513.jpg 768w, https:\/\/primermomento.com\/wp-content\/uploads\/2016\/06\/antibioticos-y-bebes-73x50.jpg 73w, https:\/\/primermomento.com\/wp-content\/uploads\/2016\/06\/antibioticos-y-bebes-500x334.jpg 500w, https:\/\/primermomento.com\/wp-content\/uploads\/2016\/06\/antibioticos-y-bebes-280x187.jpg 280w, https:\/\/primermomento.com\/wp-content\/uploads\/2016\/06\/antibioticos-y-bebes-60x40.jpg 60w, https:\/\/primermomento.com\/wp-content\/uploads\/2016\/06\/antibioticos-y-bebes-638x426.jpg 638w, https:\/\/primermomento.com\/wp-content\/uploads\/2016\/06\/antibioticos-y-bebes-118x79.jpg 118w, https:\/\/primermomento.com\/wp-content\/uploads\/2016\/06\/antibioticos-y-bebes-479x320.jpg 479w, https:\/\/primermomento.com\/wp-content\/uploads\/2016\/06\/antibioticos-y-bebes.jpg 950w\" sizes=\"auto, (max-width: 300px) 100vw, 300px\" \/>La investigaci\u00f3n examin\u00f3 las tendencias sobre el uso de esas medicinas en 76 pa\u00edses entre 2000 y 2015 y sus resultados revelaron que las dosis diarias aumentaron en 65 por ciento en el periodo.<\/p>\n<p>Adem\u00e1s, la tasa de consumo subi\u00f3 un 39 por ciento especialmente en los pa\u00edses de ingresos medianos y bajos, precis\u00f3 el texto.<\/p>\n<p>Seg\u00fan los autores, el conocimiento de los patrones de consumo de antibi\u00f3ticos podr\u00eda orientar las pol\u00edticas sanitarias p\u00fablicas a minimizar su resistencia.<\/p>\n<p>De acuerdo con el trabajo, Espa\u00f1a posee la tasa de uso per c\u00e1pita m\u00e1s alta de cualquier pa\u00eds de altos ingresos y la tercera m\u00e1s alta en general.<\/p>\n<p>En general, la pesquisa demostr\u00f3 que el aumento de antibi\u00f3ticos esta vinculado con el crecimiento del Producto Interno Bruto per c\u00e1pita en pa\u00edses de ingresos bajos y medianos, donde aument\u00f3 en 114 por ciento.<\/p><\/div>\n<div><\/div>\n<div style=\"text-align: right;\"><span style=\"color: #ff0000;\"><em>PL<\/em><\/span><\/div>\n","protected":false},"excerpt":{"rendered":"<p>WASHINGTON, Distrito de Columbia.- El uso global de antibi\u00f3ticos crecer\u00e1 200 por ciento para 2030, alert\u00f3 hoy un estudio de la revista Proceedings de la Academia de Ciencias de Estados Unidos. La investigaci\u00f3n examin\u00f3 las tendencias sobre el uso de esas medicinas en 76 pa\u00edses entre 2000 y 2015 y sus resultados revelaron que las [&hellip;]<\/p>\n","protected":false},"author":1,"featured_media":0,"comment_status":"open","ping_status":"open","sticky":false,"template":"","format":"standard","meta":{"_bbp_topic_count":0,"_bbp_reply_count":0,"_bbp_total_topic_count":0,"_bbp_total_reply_count":0,"_bbp_voice_count":0,"_bbp_anonymous_reply_count":0,"_bbp_topic_count_hidden":0,"_bbp_reply_count_hidden":0,"_bbp_forum_subforum_count":0,"footnotes":""},"categories":[60,36],"tags":[],"class_list":{"0":"post-305481","1":"post","2":"type-post","3":"status-publish","4":"format-standard","6":"category-titulares-del-dia","7":"category-salud"},"_links":{"self":[{"href":"https:\/\/primermomento.com\/index.php?rest_route=\/wp\/v2\/posts\/305481","targetHints":{"allow":["GET"]}}],"collection":[{"href":"https:\/\/primermomento.com\/index.php?rest_route=\/wp\/v2\/posts"}],"about":[{"href":"https:\/\/primermomento.com\/index.php?rest_route=\/wp\/v2\/types\/post"}],"author":[{"embeddable":true,"href":"https:\/\/primermomento.com\/index.php?rest_route=\/wp\/v2\/users\/1"}],"replies":[{"embeddable":true,"href":"https:\/\/primermomento.com\/index.php?rest_route=%2Fwp%2Fv2%2Fcomments&post=305481"}],"version-history":[{"count":0,"href":"https:\/\/primermomento.com\/index.php?rest_route=\/wp\/v2\/posts\/305481\/revisions"}],"wp:attachment":[{"href":"https:\/\/primermomento.com\/index.php?rest_route=%2Fwp%2Fv2%2Fmedia&parent=305481"}],"wp:term":[{"taxonomy":"category","embeddable":true,"href":"https:\/\/primermomento.com\/index.php?rest_route=%2Fwp%2Fv2%2Fcategories&post=305481"},{"taxonomy":"post_tag","embeddable":true,"href":"https:\/\/primermomento.com\/index.php?rest_route=%2Fwp%2Fv2%2Ftags&post=305481"}],"curies":[{"name":"wp","href":"https:\/\/api.w.org\/{rel}","templated":true}]}}