{"id":305566,"date":"2018-04-03T11:11:34","date_gmt":"2018-04-03T15:11:34","guid":{"rendered":"http:\/\/primermomento.com\/?p=305566"},"modified":"2018-04-03T12:14:30","modified_gmt":"2018-04-03T16:14:30","slug":"boricuas-impulsaran-industria-de-cannabis-en-republica-dominicana","status":"publish","type":"post","link":"https:\/\/primermomento.com\/?p=305566","title":{"rendered":"Boricuas impulsar\u00e1n industria de cannabis en Republica Dominicana"},"content":{"rendered":"<div class=\"fullNewsIntrotext\">SANTO DOMINGO, Rep\u00fablica Dominicana.- Especialistas puertorrique\u00f1os de la industria del cannabis medicinal anunciaron hoy que compartir\u00e1n el pr\u00f3ximo viernes en la Rep\u00fablica Dominicana su experiencia en la implantaci\u00f3n de ese m\u00e9todo de salud en Puerto Rico.<\/div>\n<div><\/div>\n<div class=\"fullNewsFulltext\"><img loading=\"lazy\" decoding=\"async\" class=\"size-medium wp-image-305567 alignleft\" src=\"http:\/\/primermomento.com\/wp-content\/uploads\/2018\/04\/Marihuana0-300x200.jpg\" alt=\"\" width=\"300\" height=\"200\" srcset=\"https:\/\/primermomento.com\/wp-content\/uploads\/2018\/04\/Marihuana0-300x200.jpg 300w, https:\/\/primermomento.com\/wp-content\/uploads\/2018\/04\/Marihuana0-73x50.jpg 73w, https:\/\/primermomento.com\/wp-content\/uploads\/2018\/04\/Marihuana0-500x333.jpg 500w, https:\/\/primermomento.com\/wp-content\/uploads\/2018\/04\/Marihuana0-280x186.jpg 280w, https:\/\/primermomento.com\/wp-content\/uploads\/2018\/04\/Marihuana0-60x40.jpg 60w, https:\/\/primermomento.com\/wp-content\/uploads\/2018\/04\/Marihuana0-638x425.jpg 638w, https:\/\/primermomento.com\/wp-content\/uploads\/2018\/04\/Marihuana0-118x79.jpg 118w, https:\/\/primermomento.com\/wp-content\/uploads\/2018\/04\/Marihuana0-479x319.jpg 479w, https:\/\/primermomento.com\/wp-content\/uploads\/2018\/04\/Marihuana0.jpg 748w\" sizes=\"auto, (max-width: 300px) 100vw, 300px\" \/>El presidente de Puerto Rico Legal Marijuana, Goodwin Aldarondo, explic\u00f3 que entre los temas a tratar en la actividad en la capital dominicana, organizado por Cl\u00ednica Verde y Cannaeduca, se encuentran el desarrollo de la pol\u00edtica p\u00fablica del cannabis medicinal en Puerto Rico, la historia del cannabis medicinal, los mercados emergentes, reglamentaci\u00f3n y legislaci\u00f3n relacionada.<\/p>\n<p>El foro &#8216;Aspectos legales, sociales y econ\u00f3micos del cannabis medicinal: el caso de Puerto Rico&#8217; reunir\u00e1 a especialistas boricuas en Santo Domingo para que expliquen c\u00f3mo se logr\u00f3 establecer esa industria en Puerto Rico con la intenci\u00f3n de replicarlo en Rep\u00fablica Dominicana.<\/p>\n<p>&#8216;Queremos explicarles a los asistentes el concepto del cannabis medicinal seg\u00fan fue desarrollado en Puerto Rico; lo que buscamos es ofrecerles una mirada completa de la industria desde sus comienzos, su implementaci\u00f3n, los logros obtenidos hasta el momento, pero tambi\u00e9n los obst\u00e1culos que todav\u00eda enfrentamos&#8217;, expuso Aldarondo.<\/p>\n<p>El exgobernador Alejandro Garc\u00eda, en cuya administraci\u00f3n se impuls\u00f3 el uso del cannabis medicinal en Puerto Rico, ser\u00e1 parte de la delegaci\u00f3n invitada por Cl\u00ednica Verde y Cannaeduca.<\/p>\n<p>Aldarondo revel\u00f3 que entre los panelistas se encuentran abogados, m\u00e9dicos, ingenieros y empresarios, entre los que mencion\u00f3 al licenciado Pedro Ortiz \u00c1lvarez, el doctor Iv\u00e1n Piovanetti, el exdirector de la Compa\u00f1\u00eda de Turismo Francisco Bonet, la doctora Indira Luciano, la licenciada Ada Monta\u00f1ez y el contador p\u00fablico e ingeniero Mikel Egu\u00eda Moreda.<\/p><\/div>\n<div><\/div>\n<div style=\"text-align: right;\"><span style=\"color: #ff0000;\"><em>PL<\/em><\/span><\/div>\n","protected":false},"excerpt":{"rendered":"<p>SANTO DOMINGO, Rep\u00fablica Dominicana.- Especialistas puertorrique\u00f1os de la industria del cannabis medicinal anunciaron hoy que compartir\u00e1n el pr\u00f3ximo viernes en la Rep\u00fablica Dominicana su experiencia en la implantaci\u00f3n de ese m\u00e9todo de salud en Puerto Rico. El presidente de Puerto Rico Legal Marijuana, Goodwin Aldarondo, explic\u00f3 que entre los temas a tratar en la actividad [&hellip;]<\/p>\n","protected":false},"author":1,"featured_media":0,"comment_status":"open","ping_status":"open","sticky":false,"template":"","format":"standard","meta":{"_bbp_topic_count":0,"_bbp_reply_count":0,"_bbp_total_topic_count":0,"_bbp_total_reply_count":0,"_bbp_voice_count":0,"_bbp_anonymous_reply_count":0,"_bbp_topic_count_hidden":0,"_bbp_reply_count_hidden":0,"_bbp_forum_subforum_count":0,"footnotes":""},"categories":[60,36],"tags":[],"class_list":{"0":"post-305566","1":"post","2":"type-post","3":"status-publish","4":"format-standard","6":"category-titulares-del-dia","7":"category-salud"},"_links":{"self":[{"href":"https:\/\/primermomento.com\/index.php?rest_route=\/wp\/v2\/posts\/305566","targetHints":{"allow":["GET"]}}],"collection":[{"href":"https:\/\/primermomento.com\/index.php?rest_route=\/wp\/v2\/posts"}],"about":[{"href":"https:\/\/primermomento.com\/index.php?rest_route=\/wp\/v2\/types\/post"}],"author":[{"embeddable":true,"href":"https:\/\/primermomento.com\/index.php?rest_route=\/wp\/v2\/users\/1"}],"replies":[{"embeddable":true,"href":"https:\/\/primermomento.com\/index.php?rest_route=%2Fwp%2Fv2%2Fcomments&post=305566"}],"version-history":[{"count":0,"href":"https:\/\/primermomento.com\/index.php?rest_route=\/wp\/v2\/posts\/305566\/revisions"}],"wp:attachment":[{"href":"https:\/\/primermomento.com\/index.php?rest_route=%2Fwp%2Fv2%2Fmedia&parent=305566"}],"wp:term":[{"taxonomy":"category","embeddable":true,"href":"https:\/\/primermomento.com\/index.php?rest_route=%2Fwp%2Fv2%2Fcategories&post=305566"},{"taxonomy":"post_tag","embeddable":true,"href":"https:\/\/primermomento.com\/index.php?rest_route=%2Fwp%2Fv2%2Ftags&post=305566"}],"curies":[{"name":"wp","href":"https:\/\/api.w.org\/{rel}","templated":true}]}}