{"id":305644,"date":"2018-04-05T06:11:55","date_gmt":"2018-04-05T10:11:55","guid":{"rendered":"http:\/\/primermomento.com\/?p=305644"},"modified":"2018-04-05T18:27:28","modified_gmt":"2018-04-05T22:27:28","slug":"aumentan-solicitudes-de-subsidio-por-desempleo-en-estados-unidos","status":"publish","type":"post","link":"https:\/\/primermomento.com\/?p=305644","title":{"rendered":"Aumentan solicitudes de subsidio por desempleo en Estados Unidos"},"content":{"rendered":"<div class=\"fullNewsIntrotext\">WASHINGTON, Distrito de Columbia.- Las solicitudes de subsidio por desempleo en Estados Unidos crecieron la semana pasada en 24 mil con respeto a la cantidad revisada de la etapa anterior, comunic\u00f3 hoy el Departamento de Trabajo.<\/div>\n<div><\/div>\n<div class=\"fullNewsFulltext\">\n<p><img loading=\"lazy\" decoding=\"async\" class=\"size-medium wp-image-286872 alignleft\" src=\"http:\/\/primermomento.com\/wp-content\/uploads\/2017\/02\/desempleo1-300x168.jpg\" alt=\"\" width=\"300\" height=\"168\" \/>Seg\u00fan el reporte oficial, el indicador hasta el \u00faltimo 31 de marzo se ubic\u00f3 en 242 mil pedidos, muy por encima del pron\u00f3stico de los especialistas en el tema.<\/p>\n<p>Ahora son 161 las semanas consecutivas cuyos totales de demandas no superan la barrera de 300 mil, lo cual es considerado una buena se\u00f1al del mercado laboral.<\/p>\n<p>Por otra parte, la cantidad de personas que recibe el subsidio permanente debido a la carencia de trabajo decreci\u00f3 en 35 mil mil y se mantuvo los siete d\u00edas concluidos el 24 de marzo por debajo de los dos millones (1,81).<\/p>\n<p>El \u00edndice de desempleo en Estados Unidos cerr\u00f3 febrero, cuando surgieron 313 mil nuevos puestos laborales no agr\u00edcolas, en 4,1 por ciento, el mismo guarismo de los cuatro meses anteriores.<\/p>\n<\/div>\n<div><\/div>\n<div style=\"text-align: right;\"><span style=\"color: #ff0000;\"><em>PL<\/em><\/span><\/div>\n","protected":false},"excerpt":{"rendered":"<p>WASHINGTON, Distrito de Columbia.- Las solicitudes de subsidio por desempleo en Estados Unidos crecieron la semana pasada en 24 mil con respeto a la cantidad revisada de la etapa anterior, comunic\u00f3 hoy el Departamento de Trabajo. Seg\u00fan el reporte oficial, el indicador hasta el \u00faltimo 31 de marzo se ubic\u00f3 en 242 mil pedidos, muy [&hellip;]<\/p>\n","protected":false},"author":1,"featured_media":0,"comment_status":"open","ping_status":"open","sticky":false,"template":"","format":"standard","meta":{"_bbp_topic_count":0,"_bbp_reply_count":0,"_bbp_total_topic_count":0,"_bbp_total_reply_count":0,"_bbp_voice_count":0,"_bbp_anonymous_reply_count":0,"_bbp_topic_count_hidden":0,"_bbp_reply_count_hidden":0,"_bbp_forum_subforum_count":0,"footnotes":""},"categories":[35,60],"tags":[],"class_list":{"0":"post-305644","1":"post","2":"type-post","3":"status-publish","4":"format-standard","6":"category-economia","7":"category-titulares-del-dia"},"_links":{"self":[{"href":"https:\/\/primermomento.com\/index.php?rest_route=\/wp\/v2\/posts\/305644","targetHints":{"allow":["GET"]}}],"collection":[{"href":"https:\/\/primermomento.com\/index.php?rest_route=\/wp\/v2\/posts"}],"about":[{"href":"https:\/\/primermomento.com\/index.php?rest_route=\/wp\/v2\/types\/post"}],"author":[{"embeddable":true,"href":"https:\/\/primermomento.com\/index.php?rest_route=\/wp\/v2\/users\/1"}],"replies":[{"embeddable":true,"href":"https:\/\/primermomento.com\/index.php?rest_route=%2Fwp%2Fv2%2Fcomments&post=305644"}],"version-history":[{"count":0,"href":"https:\/\/primermomento.com\/index.php?rest_route=\/wp\/v2\/posts\/305644\/revisions"}],"wp:attachment":[{"href":"https:\/\/primermomento.com\/index.php?rest_route=%2Fwp%2Fv2%2Fmedia&parent=305644"}],"wp:term":[{"taxonomy":"category","embeddable":true,"href":"https:\/\/primermomento.com\/index.php?rest_route=%2Fwp%2Fv2%2Fcategories&post=305644"},{"taxonomy":"post_tag","embeddable":true,"href":"https:\/\/primermomento.com\/index.php?rest_route=%2Fwp%2Fv2%2Ftags&post=305644"}],"curies":[{"name":"wp","href":"https:\/\/api.w.org\/{rel}","templated":true}]}}