{"id":305714,"date":"2018-04-09T15:23:20","date_gmt":"2018-04-09T19:23:20","guid":{"rendered":"http:\/\/primermomento.com\/?p=305714"},"modified":"2018-04-09T17:25:46","modified_gmt":"2018-04-09T21:25:46","slug":"demandan-mayor-atencion-para-enfermos-mentales-en-dominicana","status":"publish","type":"post","link":"https:\/\/primermomento.com\/?p=305714","title":{"rendered":"Demandan mayor atenci\u00f3n para enfermos mentales en Dominicana"},"content":{"rendered":"<div class=\"fullNewsIntrotext\">SANTO DOMINGO, Rep\u00fablica Dominicana.- El presidente de la Fundaci\u00f3n en Apoyo a las Personas con Enfermedad Mental, Jos\u00e9 Mieses, demand\u00f3 hoy una mayor atenci\u00f3n para los enfermos con esa patolog\u00eda en Rep\u00fablica Dominicana.<\/div>\n<div><\/div>\n<div class=\"fullNewsFulltext\"><img loading=\"lazy\" decoding=\"async\" class=\"size-medium wp-image-305715 alignleft\" src=\"http:\/\/primermomento.com\/wp-content\/uploads\/2018\/04\/enfermos-mentales-300x213.jpeg\" alt=\"\" width=\"300\" height=\"213\" srcset=\"https:\/\/primermomento.com\/wp-content\/uploads\/2018\/04\/enfermos-mentales-300x213.jpeg 300w, https:\/\/primermomento.com\/wp-content\/uploads\/2018\/04\/enfermos-mentales-110x77.jpeg 110w, https:\/\/primermomento.com\/wp-content\/uploads\/2018\/04\/enfermos-mentales-500x355.jpeg 500w, https:\/\/primermomento.com\/wp-content\/uploads\/2018\/04\/enfermos-mentales-280x199.jpeg 280w, https:\/\/primermomento.com\/wp-content\/uploads\/2018\/04\/enfermos-mentales-638x454.jpeg 638w, https:\/\/primermomento.com\/wp-content\/uploads\/2018\/04\/enfermos-mentales-118x84.jpeg 118w, https:\/\/primermomento.com\/wp-content\/uploads\/2018\/04\/enfermos-mentales-479x341.jpeg 479w, https:\/\/primermomento.com\/wp-content\/uploads\/2018\/04\/enfermos-mentales.jpeg 647w\" sizes=\"auto, (max-width: 300px) 100vw, 300px\" \/>Seg\u00fan divulgaron medios de prensa, Mieses explic\u00f3 que los enfermos mentales necesitan de un mejor servicio de psiquiatr\u00eda y psicolog\u00eda, atenci\u00f3n a crisis, rehabilitaci\u00f3n psicosocial y laboral, apoyo econ\u00f3mico, y viviendas protegidas y tuteladas.<\/p>\n<p>Lament\u00f3 que en este pa\u00eds cerca del 80 por ciento de las personas con enfermedades mentales no reciben atenci\u00f3n a pesar de ser este grupo uno de los m\u00e1s vulnerables y excluidos por la sociedad y por los sistemas de atenci\u00f3n sanitaria.<\/p>\n<p>Asimismo, el presidente de la Fundaci\u00f3n, destac\u00f3 que actualmente en Dominicana se encuentran hombres y mujeres con esta patolog\u00eda que deambulan de manera desprotegida o est\u00e1n encerrados en sus propios hogares en condiciones infrahumanas.<\/p>\n<p>Expuso las caracter\u00edsticas de las diferentes unidades de rehabilitaci\u00f3n de base comunitaria que deb\u00edan conformar la red de servicios alternativos al Hospital Psiqui\u00e1trico el cual fue cerrado, dijo, sin contar con esa red de servicios comunitarios.<\/p>\n<p>Por \u00faltimo, abog\u00f3 por un Plan de Rehabilitaci\u00f3n Psicosocial que tenga el prop\u00f3sito de contribuir a la recuperaci\u00f3n de la discapacidad psicosocial asociada a las enfermedades mentales.<\/p><\/div>\n<div><\/div>\n<div style=\"text-align: right;\"><span style=\"color: #ff0000;\"><em>PL<\/em><\/span><\/div>\n","protected":false},"excerpt":{"rendered":"<p>SANTO DOMINGO, Rep\u00fablica Dominicana.- El presidente de la Fundaci\u00f3n en Apoyo a las Personas con Enfermedad Mental, Jos\u00e9 Mieses, demand\u00f3 hoy una mayor atenci\u00f3n para los enfermos con esa patolog\u00eda en Rep\u00fablica Dominicana. Seg\u00fan divulgaron medios de prensa, Mieses explic\u00f3 que los enfermos mentales necesitan de un mejor servicio de psiquiatr\u00eda y psicolog\u00eda, atenci\u00f3n a [&hellip;]<\/p>\n","protected":false},"author":1,"featured_media":0,"comment_status":"open","ping_status":"open","sticky":false,"template":"","format":"standard","meta":{"_bbp_topic_count":0,"_bbp_reply_count":0,"_bbp_total_topic_count":0,"_bbp_total_reply_count":0,"_bbp_voice_count":0,"_bbp_anonymous_reply_count":0,"_bbp_topic_count_hidden":0,"_bbp_reply_count_hidden":0,"_bbp_forum_subforum_count":0,"footnotes":""},"categories":[60,36],"tags":[],"class_list":{"0":"post-305714","1":"post","2":"type-post","3":"status-publish","4":"format-standard","6":"category-titulares-del-dia","7":"category-salud"},"_links":{"self":[{"href":"https:\/\/primermomento.com\/index.php?rest_route=\/wp\/v2\/posts\/305714","targetHints":{"allow":["GET"]}}],"collection":[{"href":"https:\/\/primermomento.com\/index.php?rest_route=\/wp\/v2\/posts"}],"about":[{"href":"https:\/\/primermomento.com\/index.php?rest_route=\/wp\/v2\/types\/post"}],"author":[{"embeddable":true,"href":"https:\/\/primermomento.com\/index.php?rest_route=\/wp\/v2\/users\/1"}],"replies":[{"embeddable":true,"href":"https:\/\/primermomento.com\/index.php?rest_route=%2Fwp%2Fv2%2Fcomments&post=305714"}],"version-history":[{"count":0,"href":"https:\/\/primermomento.com\/index.php?rest_route=\/wp\/v2\/posts\/305714\/revisions"}],"wp:attachment":[{"href":"https:\/\/primermomento.com\/index.php?rest_route=%2Fwp%2Fv2%2Fmedia&parent=305714"}],"wp:term":[{"taxonomy":"category","embeddable":true,"href":"https:\/\/primermomento.com\/index.php?rest_route=%2Fwp%2Fv2%2Fcategories&post=305714"},{"taxonomy":"post_tag","embeddable":true,"href":"https:\/\/primermomento.com\/index.php?rest_route=%2Fwp%2Fv2%2Ftags&post=305714"}],"curies":[{"name":"wp","href":"https:\/\/api.w.org\/{rel}","templated":true}]}}