{"id":305720,"date":"2018-04-09T13:30:45","date_gmt":"2018-04-09T17:30:45","guid":{"rendered":"http:\/\/primermomento.com\/?p=305720"},"modified":"2018-04-09T17:32:36","modified_gmt":"2018-04-09T21:32:36","slug":"cambios-demograficos-exigen-repensar-politicas-migratorias-dice-fmi","status":"publish","type":"post","link":"https:\/\/primermomento.com\/?p=305720","title":{"rendered":"Cambios demogr\u00e1ficos exigen repensar pol\u00edticas migratorias, dice FMI"},"content":{"rendered":"<div class=\"fullNewsIntrotext\">SANTO DOMINGO, Rep\u00fablica Dominicana.- El Fondo Monetario Internacional (FMI) invit\u00f3 hoy a los pa\u00edses desarrollados a repensar sus pol\u00edticas de inmigraci\u00f3n para enfrentar el descenso de la poblaci\u00f3n econ\u00f3micamente activa debido al envejecimiento poblacional.<\/div>\n<div><\/div>\n<div class=\"fullNewsFulltext\"><img loading=\"lazy\" decoding=\"async\" class=\"size-medium wp-image-305721 alignleft\" src=\"http:\/\/primermomento.com\/wp-content\/uploads\/2018\/04\/fmi-banco-300x200.jpg\" alt=\"\" width=\"300\" height=\"200\" srcset=\"https:\/\/primermomento.com\/wp-content\/uploads\/2018\/04\/fmi-banco-300x200.jpg 300w, https:\/\/primermomento.com\/wp-content\/uploads\/2018\/04\/fmi-banco-73x50.jpg 73w, https:\/\/primermomento.com\/wp-content\/uploads\/2018\/04\/fmi-banco-500x333.jpg 500w, https:\/\/primermomento.com\/wp-content\/uploads\/2018\/04\/fmi-banco-280x186.jpg 280w, https:\/\/primermomento.com\/wp-content\/uploads\/2018\/04\/fmi-banco-60x40.jpg 60w, https:\/\/primermomento.com\/wp-content\/uploads\/2018\/04\/fmi-banco-638x425.jpg 638w, https:\/\/primermomento.com\/wp-content\/uploads\/2018\/04\/fmi-banco-118x79.jpg 118w, https:\/\/primermomento.com\/wp-content\/uploads\/2018\/04\/fmi-banco-479x319.jpg 479w, https:\/\/primermomento.com\/wp-content\/uploads\/2018\/04\/fmi-banco.jpg 748w\" sizes=\"auto, (max-width: 300px) 100vw, 300px\" \/>A juicio del organismo financiero, &#8216;la inmigraci\u00f3n puede aliviar la presi\u00f3n del envejecimiento de la poblaci\u00f3n y contribuir a otros beneficios a largo plazo, como un mayor crecimiento y productividad&#8217;.<\/p>\n<p>&#8216;A menos que m\u00e1s gente participe en los mercados laborales, el envejecimiento podr\u00eda ralentizar el crecimiento de las econom\u00edas avanzadas y, en muchos casos, socavar la sostenibilidad de sus sistemas de seguridad social&#8217;, indic\u00f3 el FMI.<\/p>\n<p>El su informe Perspectivas Econ\u00f3micas Globales, la instituci\u00f3n estim\u00f3 que la participaci\u00f3n media en la fuerza laboral caer\u00e1 5,5 por ciento en los pr\u00f3ximos 30 a\u00f1os y en naciones europeas, como Italia y Francia, el declive podr\u00eda ser mayor.<\/p>\n<p>Estos &#8216;dram\u00e1ticos cambios demogr\u00e1ficos&#8217; exigen repensar las pol\u00edticas de inmigraci\u00f3n en las econom\u00edas avanzadas, consider\u00f3 el estudio, que sopes\u00f3 tambi\u00e9n los desaf\u00edos pol\u00edticos y sociales asociados al tema.<\/p>\n<p>Aunque recibir inmigrantes pueda plantear problemas y potencialmente suscitar dificultades pol\u00edticas, podr\u00eda ser tambi\u00e9n algo ben\u00e9fico para los pa\u00edses receptores&#8217;, apunt\u00f3 la entidad.<\/p>\n<p>&#8216;Pol\u00edticas migratorias m\u00e1s restrictivas exacerban de manera significativa el efecto negativo que el envejecimiento de la poblaci\u00f3n tiene sobre la participaci\u00f3n del mercado de trabajo&#8217;, recalc\u00f3 el reporte.<\/p><\/div>\n<div><\/div>\n<div style=\"text-align: right;\"><span style=\"color: #ff0000;\"><em>PL<\/em><\/span><\/div>\n","protected":false},"excerpt":{"rendered":"<p>SANTO DOMINGO, Rep\u00fablica Dominicana.- El Fondo Monetario Internacional (FMI) invit\u00f3 hoy a los pa\u00edses desarrollados a repensar sus pol\u00edticas de inmigraci\u00f3n para enfrentar el descenso de la poblaci\u00f3n econ\u00f3micamente activa debido al envejecimiento poblacional. A juicio del organismo financiero, &#8216;la inmigraci\u00f3n puede aliviar la presi\u00f3n del envejecimiento de la poblaci\u00f3n y contribuir a otros beneficios [&hellip;]<\/p>\n","protected":false},"author":1,"featured_media":0,"comment_status":"open","ping_status":"open","sticky":false,"template":"","format":"standard","meta":{"_bbp_topic_count":0,"_bbp_reply_count":0,"_bbp_total_topic_count":0,"_bbp_total_reply_count":0,"_bbp_voice_count":0,"_bbp_anonymous_reply_count":0,"_bbp_topic_count_hidden":0,"_bbp_reply_count_hidden":0,"_bbp_forum_subforum_count":0,"footnotes":""},"categories":[35,60],"tags":[],"class_list":{"0":"post-305720","1":"post","2":"type-post","3":"status-publish","4":"format-standard","6":"category-economia","7":"category-titulares-del-dia"},"_links":{"self":[{"href":"https:\/\/primermomento.com\/index.php?rest_route=\/wp\/v2\/posts\/305720","targetHints":{"allow":["GET"]}}],"collection":[{"href":"https:\/\/primermomento.com\/index.php?rest_route=\/wp\/v2\/posts"}],"about":[{"href":"https:\/\/primermomento.com\/index.php?rest_route=\/wp\/v2\/types\/post"}],"author":[{"embeddable":true,"href":"https:\/\/primermomento.com\/index.php?rest_route=\/wp\/v2\/users\/1"}],"replies":[{"embeddable":true,"href":"https:\/\/primermomento.com\/index.php?rest_route=%2Fwp%2Fv2%2Fcomments&post=305720"}],"version-history":[{"count":0,"href":"https:\/\/primermomento.com\/index.php?rest_route=\/wp\/v2\/posts\/305720\/revisions"}],"wp:attachment":[{"href":"https:\/\/primermomento.com\/index.php?rest_route=%2Fwp%2Fv2%2Fmedia&parent=305720"}],"wp:term":[{"taxonomy":"category","embeddable":true,"href":"https:\/\/primermomento.com\/index.php?rest_route=%2Fwp%2Fv2%2Fcategories&post=305720"},{"taxonomy":"post_tag","embeddable":true,"href":"https:\/\/primermomento.com\/index.php?rest_route=%2Fwp%2Fv2%2Ftags&post=305720"}],"curies":[{"name":"wp","href":"https:\/\/api.w.org\/{rel}","templated":true}]}}