{"id":305784,"date":"2018-04-11T08:14:11","date_gmt":"2018-04-11T12:14:11","guid":{"rendered":"http:\/\/primermomento.com\/?p=305784"},"modified":"2018-04-11T20:18:38","modified_gmt":"2018-04-12T00:18:38","slug":"dominicana-acoge-evento-de-intercambio-turistico-date-2018","status":"publish","type":"post","link":"https:\/\/primermomento.com\/?p=305784","title":{"rendered":"Dominicana acoge evento de intercambio tur\u00edstico DATE-2018"},"content":{"rendered":"<div class=\"fullNewsIntrotext\">SANTO DOMINGO, Rep\u00fablica Dominicana.- Este pa\u00eds acoge a partir de hoy en Punta Cana, provincia La Altagracia, la d\u00e9cimo novena edici\u00f3n del Dominican Annual Turism Exchange (DATE-2018).<\/div>\n<div><\/div>\n<div class=\"fullNewsFulltext\"><img loading=\"lazy\" decoding=\"async\" class=\"size-medium wp-image-305785 alignright\" src=\"http:\/\/primermomento.com\/wp-content\/uploads\/2018\/04\/Turism-Exchange-300x160.jpg\" alt=\"\" width=\"300\" height=\"160\" srcset=\"https:\/\/primermomento.com\/wp-content\/uploads\/2018\/04\/Turism-Exchange-300x160.jpg 300w, https:\/\/primermomento.com\/wp-content\/uploads\/2018\/04\/Turism-Exchange-280x149.jpg 280w, https:\/\/primermomento.com\/wp-content\/uploads\/2018\/04\/Turism-Exchange-118x63.jpg 118w, https:\/\/primermomento.com\/wp-content\/uploads\/2018\/04\/Turism-Exchange.jpg 308w\" sizes=\"auto, (max-width: 300px) 100vw, 300px\" \/>La Asociaci\u00f3n de Hoteles y Turismo (Asonahores), organizadora del encuentro, dio a conocer que la feria sobrepas\u00f3 las expectativas y los cupos previstos no alcanzaron para cubrir las solicitudes.<\/p>\n<p>Seg\u00fan La directora de Mercadeo de Asonahores, Sheyly Viuque, la importancia de la feria que se celebra en Dominicana radica en que los compradores for\u00e1neos tienen la oportunidad de observar en el terreno las caracter\u00edsticas del producto tur\u00edstico, adem\u00e1s de contactar en un solo escenario y en corto tiempo a hoteleros y proveedores.<\/p>\n<p>&#8216;Nuestros hoteleros no pueden ir y participar en todas las ferias internacionales y DATE representa una posibilidad de bajo costo para relacionarse, crear y cerrar negocios, incluso para los m\u00e1s peque\u00f1os establecimientos hoteleros y de servicios complementarios&#8217;, agreg\u00f3.<\/p>\n<p>El encuentro tur\u00edstico se celebrar\u00e1 hasta el pr\u00f3ximo 13 de abril en el Centro de Convenciones Barcel\u00f3, donde m\u00e1s de 100 hoteles mostrar\u00e1n sus productos y ofertas.<\/p><\/div>\n<div><\/div>\n<div style=\"text-align: right;\"><span style=\"color: #ff0000;\"><em>PL<\/em><\/span><\/div>\n","protected":false},"excerpt":{"rendered":"<p>SANTO DOMINGO, Rep\u00fablica Dominicana.- Este pa\u00eds acoge a partir de hoy en Punta Cana, provincia La Altagracia, la d\u00e9cimo novena edici\u00f3n del Dominican Annual Turism Exchange (DATE-2018). La Asociaci\u00f3n de Hoteles y Turismo (Asonahores), organizadora del encuentro, dio a conocer que la feria sobrepas\u00f3 las expectativas y los cupos previstos no alcanzaron para cubrir las [&hellip;]<\/p>\n","protected":false},"author":1,"featured_media":0,"comment_status":"open","ping_status":"open","sticky":false,"template":"","format":"standard","meta":{"_bbp_topic_count":0,"_bbp_reply_count":0,"_bbp_total_topic_count":0,"_bbp_total_reply_count":0,"_bbp_voice_count":0,"_bbp_anonymous_reply_count":0,"_bbp_topic_count_hidden":0,"_bbp_reply_count_hidden":0,"_bbp_forum_subforum_count":0,"footnotes":""},"categories":[35,60],"tags":[],"class_list":{"0":"post-305784","1":"post","2":"type-post","3":"status-publish","4":"format-standard","6":"category-economia","7":"category-titulares-del-dia"},"_links":{"self":[{"href":"https:\/\/primermomento.com\/index.php?rest_route=\/wp\/v2\/posts\/305784","targetHints":{"allow":["GET"]}}],"collection":[{"href":"https:\/\/primermomento.com\/index.php?rest_route=\/wp\/v2\/posts"}],"about":[{"href":"https:\/\/primermomento.com\/index.php?rest_route=\/wp\/v2\/types\/post"}],"author":[{"embeddable":true,"href":"https:\/\/primermomento.com\/index.php?rest_route=\/wp\/v2\/users\/1"}],"replies":[{"embeddable":true,"href":"https:\/\/primermomento.com\/index.php?rest_route=%2Fwp%2Fv2%2Fcomments&post=305784"}],"version-history":[{"count":0,"href":"https:\/\/primermomento.com\/index.php?rest_route=\/wp\/v2\/posts\/305784\/revisions"}],"wp:attachment":[{"href":"https:\/\/primermomento.com\/index.php?rest_route=%2Fwp%2Fv2%2Fmedia&parent=305784"}],"wp:term":[{"taxonomy":"category","embeddable":true,"href":"https:\/\/primermomento.com\/index.php?rest_route=%2Fwp%2Fv2%2Fcategories&post=305784"},{"taxonomy":"post_tag","embeddable":true,"href":"https:\/\/primermomento.com\/index.php?rest_route=%2Fwp%2Fv2%2Ftags&post=305784"}],"curies":[{"name":"wp","href":"https:\/\/api.w.org\/{rel}","templated":true}]}}