{"id":306288,"date":"2018-05-11T14:00:11","date_gmt":"2018-05-11T18:00:11","guid":{"rendered":"http:\/\/primermomento.com\/?p=306288"},"modified":"2018-05-11T14:00:11","modified_gmt":"2018-05-11T18:00:11","slug":"reconocen-a-profesionales-de-la-enfermeria-en-dominicana","status":"publish","type":"post","link":"https:\/\/primermomento.com\/?p=306288","title":{"rendered":"Reconocen a profesionales de la enfermer\u00eda en Dominicana"},"content":{"rendered":"<div class=\"fullNewsIntrotext\">SANTO DOMINGO, Rep\u00fablica Dominicana.- El presidente de Dominicana, Danilo Medina, salud\u00f3 hoy el trabajo de los profesionales de la enfermer\u00eda, a quienes consider\u00f3 acreedores del aprecio y el reconocimiento por su delicado trabajo.<\/div>\n<div><\/div>\n<div class=\"fullNewsFulltext\"><img loading=\"lazy\" decoding=\"async\" class=\"size-medium wp-image-306289 alignleft\" src=\"http:\/\/primermomento.com\/wp-content\/uploads\/2018\/05\/medina-y-enfermeraas-300x168.jpeg\" alt=\"\" width=\"300\" height=\"168\" srcset=\"https:\/\/primermomento.com\/wp-content\/uploads\/2018\/05\/medina-y-enfermeraas.jpeg 300w, https:\/\/primermomento.com\/wp-content\/uploads\/2018\/05\/medina-y-enfermeraas-216x120.jpeg 216w, https:\/\/primermomento.com\/wp-content\/uploads\/2018\/05\/medina-y-enfermeraas-280x157.jpeg 280w, https:\/\/primermomento.com\/wp-content\/uploads\/2018\/05\/medina-y-enfermeraas-118x66.jpeg 118w\" sizes=\"auto, (max-width: 300px) 100vw, 300px\" \/>&#8216;Como auxiliares de la medicina son acreedores del aprecio y reconocimiento a su delicado trabajo, cuyos requerimientos de calidad son cada vez m\u00e1s exigentes y demandan de permanentes jornadas de capacitaci\u00f3n y actualizaci\u00f3n&#8217;, escribi\u00f3 Medina en un mensaje enviado a estos profesionales, en ocasi\u00f3n de conmemorarse ma\u00f1ana el D\u00eda Internacional de la Enfermer\u00eda.<\/p>\n<p>Asimismo valor\u00f3 que los hombres y mujeres dedicados a este importante servicio en centros p\u00fablicos y privados &#8216;hacen honor al compromiso de trabajar por la preservaci\u00f3n de la salud de la poblaci\u00f3n&#8217;.<\/p>\n<p>El jefe de Estado afirm\u00f3 que &#8216;con la eficiencia profesional, las dosis de aliento y humanitario cari\u00f1o que prodigan a los pacientes, las enfermeras y enfermeros demuestran su calidad humana y el compromiso de contribuir al bienestar de toda persona, a la cual deban asistir&#8217;. Por \u00faltimo, subray\u00f3 c\u00f3mo los profesionales de la enfermer\u00eda tienen en sus manos una misi\u00f3n que les hace dignos de merecer la felicitaci\u00f3n de toda la ciudadan\u00eda.<\/p>\n<p>El D\u00eda Internacional de la Enfermer\u00eda se celebra cada 12 de mayo en homenaje a la inglesa Florence Nightingale, madre de la enfermer\u00eda moderna y fundadora de la primera escuela de esa especialidad en el mundo.<\/p><\/div>\n<div><\/div>\n<div style=\"text-align: right;\"><span style=\"color: #ff0000;\"><em>PL<\/em><\/span><\/div>\n","protected":false},"excerpt":{"rendered":"<p>SANTO DOMINGO, Rep\u00fablica Dominicana.- El presidente de Dominicana, Danilo Medina, salud\u00f3 hoy el trabajo de los profesionales de la enfermer\u00eda, a quienes consider\u00f3 acreedores del aprecio y el reconocimiento por su delicado trabajo. &#8216;Como auxiliares de la medicina son acreedores del aprecio y reconocimiento a su delicado trabajo, cuyos requerimientos de calidad son cada vez [&hellip;]<\/p>\n","protected":false},"author":1,"featured_media":0,"comment_status":"open","ping_status":"open","sticky":false,"template":"","format":"standard","meta":{"_bbp_topic_count":0,"_bbp_reply_count":0,"_bbp_total_topic_count":0,"_bbp_total_reply_count":0,"_bbp_voice_count":0,"_bbp_anonymous_reply_count":0,"_bbp_topic_count_hidden":0,"_bbp_reply_count_hidden":0,"_bbp_forum_subforum_count":0,"footnotes":""},"categories":[60,36],"tags":[],"class_list":{"0":"post-306288","1":"post","2":"type-post","3":"status-publish","4":"format-standard","6":"category-titulares-del-dia","7":"category-salud"},"_links":{"self":[{"href":"https:\/\/primermomento.com\/index.php?rest_route=\/wp\/v2\/posts\/306288","targetHints":{"allow":["GET"]}}],"collection":[{"href":"https:\/\/primermomento.com\/index.php?rest_route=\/wp\/v2\/posts"}],"about":[{"href":"https:\/\/primermomento.com\/index.php?rest_route=\/wp\/v2\/types\/post"}],"author":[{"embeddable":true,"href":"https:\/\/primermomento.com\/index.php?rest_route=\/wp\/v2\/users\/1"}],"replies":[{"embeddable":true,"href":"https:\/\/primermomento.com\/index.php?rest_route=%2Fwp%2Fv2%2Fcomments&post=306288"}],"version-history":[{"count":1,"href":"https:\/\/primermomento.com\/index.php?rest_route=\/wp\/v2\/posts\/306288\/revisions"}],"predecessor-version":[{"id":306290,"href":"https:\/\/primermomento.com\/index.php?rest_route=\/wp\/v2\/posts\/306288\/revisions\/306290"}],"wp:attachment":[{"href":"https:\/\/primermomento.com\/index.php?rest_route=%2Fwp%2Fv2%2Fmedia&parent=306288"}],"wp:term":[{"taxonomy":"category","embeddable":true,"href":"https:\/\/primermomento.com\/index.php?rest_route=%2Fwp%2Fv2%2Fcategories&post=306288"},{"taxonomy":"post_tag","embeddable":true,"href":"https:\/\/primermomento.com\/index.php?rest_route=%2Fwp%2Fv2%2Ftags&post=306288"}],"curies":[{"name":"wp","href":"https:\/\/api.w.org\/{rel}","templated":true}]}}