{"id":306294,"date":"2018-05-11T10:06:27","date_gmt":"2018-05-11T14:06:27","guid":{"rendered":"http:\/\/primermomento.com\/?p=306294"},"modified":"2018-05-11T14:07:55","modified_gmt":"2018-05-11T18:07:55","slug":"dominicana-registra-inflacion-de-040-por-ciento-en-abril","status":"publish","type":"post","link":"https:\/\/primermomento.com\/?p=306294","title":{"rendered":"Dominicana registra inflaci\u00f3n de 0,40 por ciento en abril"},"content":{"rendered":"<div class=\"fullNewsIntrotext\">SANTO DOMINGO, Rep\u00fablica Dominicana.- El Indice de Precios al Consumidor en Dominicana, registr\u00f3 en abril una variaci\u00f3n mensual de 0,40 por ciento, inform\u00f3 hoy el Banco Central de Rep\u00fablica Dominicana.<\/div>\n<div><\/div>\n<div class=\"fullNewsFulltext\"><img loading=\"lazy\" decoding=\"async\" class=\"size-full wp-image-277773 alignright\" src=\"http:\/\/primermomento.com\/wp-content\/uploads\/2016\/06\/Banco-Central-RD.jpg\" alt=\"\" width=\"276\" height=\"183\" srcset=\"https:\/\/primermomento.com\/wp-content\/uploads\/2016\/06\/Banco-Central-RD.jpg 276w, https:\/\/primermomento.com\/wp-content\/uploads\/2016\/06\/Banco-Central-RD-60x40.jpg 60w, https:\/\/primermomento.com\/wp-content\/uploads\/2016\/06\/Banco-Central-RD-118x78.jpg 118w, https:\/\/primermomento.com\/wp-content\/uploads\/2016\/06\/Banco-Central-RD-153x100.jpg 153w\" sizes=\"auto, (max-width: 276px) 100vw, 276px\" \/>Seg\u00fan los datos aportados por esa instituci\u00f3n, la inflaci\u00f3n acumulada en lo que va de a\u00f1o se encuentra en 0,95 por ciento, mientras la anualizada, medida desde abril 2017 hasta abril 2018, se ubic\u00f3 en 4,05 por ciento.<\/p>\n<p>El ente emisor explic\u00f3 que esa variaci\u00f3n se produjo principalmente por el comportamiento de los precios en el transporte (1,39 por ciento), Alimentos y Bebidas No Alcoh\u00f3licas (0,2), Restaurantes y Hoteles (0,29), Bienes y Servicios Diversos (0,25) y Vivienda (0,15), los cuales en conjunto aportaron el 91,4 por ciento de la inflaci\u00f3n del mes pasado.<\/p>\n<p>Asimismo, revel\u00f3 que la inflaci\u00f3n subyacente interanual se coloc\u00f3 en 2,73 por ciento, indicador el cual mide las presiones inflacionarias de origen monetario aisl\u00e1ndolas de los factores ex\u00f3genos.<\/p><\/div>\n<div><\/div>\n<div style=\"text-align: right;\"><span style=\"color: #ff0000;\"><em>PL<\/em><\/span><\/div>\n","protected":false},"excerpt":{"rendered":"<p>SANTO DOMINGO, Rep\u00fablica Dominicana.- El Indice de Precios al Consumidor en Dominicana, registr\u00f3 en abril una variaci\u00f3n mensual de 0,40 por ciento, inform\u00f3 hoy el Banco Central de Rep\u00fablica Dominicana. Seg\u00fan los datos aportados por esa instituci\u00f3n, la inflaci\u00f3n acumulada en lo que va de a\u00f1o se encuentra en 0,95 por ciento, mientras la anualizada, [&hellip;]<\/p>\n","protected":false},"author":1,"featured_media":0,"comment_status":"open","ping_status":"open","sticky":false,"template":"","format":"standard","meta":{"_bbp_topic_count":0,"_bbp_reply_count":0,"_bbp_total_topic_count":0,"_bbp_total_reply_count":0,"_bbp_voice_count":0,"_bbp_anonymous_reply_count":0,"_bbp_topic_count_hidden":0,"_bbp_reply_count_hidden":0,"_bbp_forum_subforum_count":0,"footnotes":""},"categories":[35,60],"tags":[],"class_list":{"0":"post-306294","1":"post","2":"type-post","3":"status-publish","4":"format-standard","6":"category-economia","7":"category-titulares-del-dia"},"_links":{"self":[{"href":"https:\/\/primermomento.com\/index.php?rest_route=\/wp\/v2\/posts\/306294","targetHints":{"allow":["GET"]}}],"collection":[{"href":"https:\/\/primermomento.com\/index.php?rest_route=\/wp\/v2\/posts"}],"about":[{"href":"https:\/\/primermomento.com\/index.php?rest_route=\/wp\/v2\/types\/post"}],"author":[{"embeddable":true,"href":"https:\/\/primermomento.com\/index.php?rest_route=\/wp\/v2\/users\/1"}],"replies":[{"embeddable":true,"href":"https:\/\/primermomento.com\/index.php?rest_route=%2Fwp%2Fv2%2Fcomments&post=306294"}],"version-history":[{"count":1,"href":"https:\/\/primermomento.com\/index.php?rest_route=\/wp\/v2\/posts\/306294\/revisions"}],"predecessor-version":[{"id":306295,"href":"https:\/\/primermomento.com\/index.php?rest_route=\/wp\/v2\/posts\/306294\/revisions\/306295"}],"wp:attachment":[{"href":"https:\/\/primermomento.com\/index.php?rest_route=%2Fwp%2Fv2%2Fmedia&parent=306294"}],"wp:term":[{"taxonomy":"category","embeddable":true,"href":"https:\/\/primermomento.com\/index.php?rest_route=%2Fwp%2Fv2%2Fcategories&post=306294"},{"taxonomy":"post_tag","embeddable":true,"href":"https:\/\/primermomento.com\/index.php?rest_route=%2Fwp%2Fv2%2Ftags&post=306294"}],"curies":[{"name":"wp","href":"https:\/\/api.w.org\/{rel}","templated":true}]}}