{"id":306326,"date":"2018-05-14T13:25:46","date_gmt":"2018-05-14T17:25:46","guid":{"rendered":"http:\/\/primermomento.com\/?p=306326"},"modified":"2018-05-14T16:28:27","modified_gmt":"2018-05-14T20:28:27","slug":"advierten-sobre-posible-brote-severo-de-dengue-en-el-caribe","status":"publish","type":"post","link":"https:\/\/primermomento.com\/?p=306326","title":{"rendered":"Advierten sobre posible brote severo de dengue en el Caribe"},"content":{"rendered":"<div class=\"fullNewsIntrotext\">PUERTO ESPA\u00d1A, Trinidad y Tobago.- La Agencia de Salud P\u00fablica del Caribe (Carpha, por sus siglas en ingl\u00e9s) advirti\u00f3 a los residentes del \u00e1rea que est\u00e9n preparados para un posible e importante brote de dengue este a\u00f1o, destac\u00f3 hoy la prensa.<\/div>\n<div><\/div>\n<div class=\"fullNewsFulltext\"><img loading=\"lazy\" decoding=\"async\" class=\"size-medium wp-image-306327 alignright\" src=\"http:\/\/primermomento.com\/wp-content\/uploads\/2018\/05\/dengue-mosquito-300x200.jpg\" alt=\"\" width=\"300\" height=\"200\" srcset=\"https:\/\/primermomento.com\/wp-content\/uploads\/2018\/05\/dengue-mosquito-300x200.jpg 300w, https:\/\/primermomento.com\/wp-content\/uploads\/2018\/05\/dengue-mosquito-73x50.jpg 73w, https:\/\/primermomento.com\/wp-content\/uploads\/2018\/05\/dengue-mosquito-500x333.jpg 500w, https:\/\/primermomento.com\/wp-content\/uploads\/2018\/05\/dengue-mosquito-280x186.jpg 280w, https:\/\/primermomento.com\/wp-content\/uploads\/2018\/05\/dengue-mosquito-60x40.jpg 60w, https:\/\/primermomento.com\/wp-content\/uploads\/2018\/05\/dengue-mosquito-638x425.jpg 638w, https:\/\/primermomento.com\/wp-content\/uploads\/2018\/05\/dengue-mosquito-118x79.jpg 118w, https:\/\/primermomento.com\/wp-content\/uploads\/2018\/05\/dengue-mosquito-479x319.jpg 479w, https:\/\/primermomento.com\/wp-content\/uploads\/2018\/05\/dengue-mosquito.jpg 748w\" sizes=\"auto, (max-width: 300px) 100vw, 300px\" \/>&#8216;Aunque el dengue no es nuevo en la regi\u00f3n, debemos prepararnos para la posibilidad de un brote severo&#8217;, dijo recientemente el director ejecutivo de Carpha, James Hospedales.<\/p>\n<p>Esto se debe a que a\u00fan existen las condiciones para la proliferaci\u00f3n del mosquito transmisor y se reportan niveles m\u00e1s altos de dengue en Am\u00e9rica Latina y otras regiones, agreg\u00f3.<\/p>\n<p>Un reporte de Carpha, con sede en Trinidad y Tobago, se\u00f1ala que es imperativo, cuando comienza la temporada de lluvias en muchos pa\u00edses, intensificar los esfuerzos para detener la reproducci\u00f3n de mosquitos, pues el dengue sigue siendo un problema de salud mundial, como el zika y el chikungunya.<\/p>\n<p>Bajo el lema &#8216;Lucha contra la picadura, destruye los criaderos de mosquitos&#8217;, tuvo lugar la semana de concientizaci\u00f3n sobre mosquitos en el Caribe del 7 al 13 de mayo, centrada en las enfermedades transmitidas por mosquitos y los riesgos asociados a ellas.<\/p>\n<p>Las medidas utilizadas para controlar la propagaci\u00f3n del dengue son las mismas que las del zika y el chikungunya, pues son transmitidas por el mismo mosquito, Aedes aegypti.<\/p>\n<p>Una investigaci\u00f3n de Carpha, las organizaciones Panamericana y Mundial de la Salud muestra que los neum\u00e1ticos son las principales fuentes de reproducci\u00f3n de mosquitos en los pa\u00edses del Caribe.<\/p>\n<p>El dengue es una enfermedad similar a la gripe que afecta a beb\u00e9s, ni\u00f1os peque\u00f1os y adultos, pero puede ser grave y causar la muerte. Sus s\u00edntomas, fiebre alta, dolor de cabeza, v\u00f3mitos, dolores musculares y articulares, y una erupci\u00f3n cut\u00e1nea caracter\u00edstica, comienzan por lo general de cuatro a diez d\u00edas despu\u00e9s de la infecci\u00f3n.<\/p>\n<p>Esta enfermedad puede evolucionar a un dengue severo, caracterizado por una complicaci\u00f3n potencialmente mortal debido a un intenso y continuo dolor abdominal o sensibilidad y v\u00f3mito persistente.<\/p><\/div>\n<div><\/div>\n<div style=\"text-align: right;\"><span style=\"color: #ff0000;\"><em>PL<\/em><\/span><\/div>\n","protected":false},"excerpt":{"rendered":"<p>PUERTO ESPA\u00d1A, Trinidad y Tobago.- La Agencia de Salud P\u00fablica del Caribe (Carpha, por sus siglas en ingl\u00e9s) advirti\u00f3 a los residentes del \u00e1rea que est\u00e9n preparados para un posible e importante brote de dengue este a\u00f1o, destac\u00f3 hoy la prensa. &#8216;Aunque el dengue no es nuevo en la regi\u00f3n, debemos prepararnos para la posibilidad [&hellip;]<\/p>\n","protected":false},"author":1,"featured_media":0,"comment_status":"open","ping_status":"open","sticky":false,"template":"","format":"standard","meta":{"_bbp_topic_count":0,"_bbp_reply_count":0,"_bbp_total_topic_count":0,"_bbp_total_reply_count":0,"_bbp_voice_count":0,"_bbp_anonymous_reply_count":0,"_bbp_topic_count_hidden":0,"_bbp_reply_count_hidden":0,"_bbp_forum_subforum_count":0,"footnotes":""},"categories":[60,36],"tags":[],"class_list":{"0":"post-306326","1":"post","2":"type-post","3":"status-publish","4":"format-standard","6":"category-titulares-del-dia","7":"category-salud"},"_links":{"self":[{"href":"https:\/\/primermomento.com\/index.php?rest_route=\/wp\/v2\/posts\/306326","targetHints":{"allow":["GET"]}}],"collection":[{"href":"https:\/\/primermomento.com\/index.php?rest_route=\/wp\/v2\/posts"}],"about":[{"href":"https:\/\/primermomento.com\/index.php?rest_route=\/wp\/v2\/types\/post"}],"author":[{"embeddable":true,"href":"https:\/\/primermomento.com\/index.php?rest_route=\/wp\/v2\/users\/1"}],"replies":[{"embeddable":true,"href":"https:\/\/primermomento.com\/index.php?rest_route=%2Fwp%2Fv2%2Fcomments&post=306326"}],"version-history":[{"count":1,"href":"https:\/\/primermomento.com\/index.php?rest_route=\/wp\/v2\/posts\/306326\/revisions"}],"predecessor-version":[{"id":306328,"href":"https:\/\/primermomento.com\/index.php?rest_route=\/wp\/v2\/posts\/306326\/revisions\/306328"}],"wp:attachment":[{"href":"https:\/\/primermomento.com\/index.php?rest_route=%2Fwp%2Fv2%2Fmedia&parent=306326"}],"wp:term":[{"taxonomy":"category","embeddable":true,"href":"https:\/\/primermomento.com\/index.php?rest_route=%2Fwp%2Fv2%2Fcategories&post=306326"},{"taxonomy":"post_tag","embeddable":true,"href":"https:\/\/primermomento.com\/index.php?rest_route=%2Fwp%2Fv2%2Ftags&post=306326"}],"curies":[{"name":"wp","href":"https:\/\/api.w.org\/{rel}","templated":true}]}}