{"id":306329,"date":"2018-05-14T12:29:39","date_gmt":"2018-05-14T16:29:39","guid":{"rendered":"http:\/\/primermomento.com\/?p=306329"},"modified":"2018-05-14T16:32:02","modified_gmt":"2018-05-14T20:32:02","slug":"universidad-vaticina-un-49-por-ciento-de-crecimiento-en-dominicana","status":"publish","type":"post","link":"https:\/\/primermomento.com\/?p=306329","title":{"rendered":"Universidad vaticina un 4,9 por ciento de crecimiento en Dominicana"},"content":{"rendered":"<div class=\"fullNewsIntrotext\">SANTO DOMINGO, Rep\u00fablica Dominicana.- La Escuela de Econom\u00eda de la Universidad Aut\u00f3noma de Santo Domingo (UASD) vaticin\u00f3 hoy que Dominicana crecer\u00e1 este a\u00f1o solo un 4,9 por ciento, por debajo de las proyecciones del pa\u00eds.<\/div>\n<div><\/div>\n<div class=\"fullNewsFulltext\"><img loading=\"lazy\" decoding=\"async\" class=\"size-medium wp-image-287161 alignleft\" src=\"http:\/\/primermomento.com\/wp-content\/uploads\/2017\/02\/uasd2-300x200.jpg\" alt=\"\" width=\"300\" height=\"200\" srcset=\"https:\/\/primermomento.com\/wp-content\/uploads\/2017\/02\/uasd2-300x200.jpg 300w, https:\/\/primermomento.com\/wp-content\/uploads\/2017\/02\/uasd2-73x50.jpg 73w, https:\/\/primermomento.com\/wp-content\/uploads\/2017\/02\/uasd2-500x333.jpg 500w, https:\/\/primermomento.com\/wp-content\/uploads\/2017\/02\/uasd2-280x186.jpg 280w, https:\/\/primermomento.com\/wp-content\/uploads\/2017\/02\/uasd2-60x40.jpg 60w, https:\/\/primermomento.com\/wp-content\/uploads\/2017\/02\/uasd2-638x425.jpg 638w, https:\/\/primermomento.com\/wp-content\/uploads\/2017\/02\/uasd2-118x79.jpg 118w, https:\/\/primermomento.com\/wp-content\/uploads\/2017\/02\/uasd2-479x319.jpg 479w, https:\/\/primermomento.com\/wp-content\/uploads\/2017\/02\/uasd2.jpg 748w\" sizes=\"auto, (max-width: 300px) 100vw, 300px\" \/>Seg\u00fan medios de prensa, el director del centro, Antonio Ciriaco, dio a conocer el dato al presentar este lunes el Informe sobre la Coyuntura de la Econom\u00eda Dominicana en el trimestre enero-marzo 2018.<\/p>\n<p>El economista expres\u00f3 como &#8216;en la medida que los factores geopol\u00edticos exacerben los mercados financieros internacionales, se haga m\u00e1s vol\u00e1til el precio internacional del petr\u00f3leo y suban las tasas de inter\u00e9s, las proyecciones del pa\u00eds ser\u00e1n afectadas y la econom\u00eda dominicana podr\u00eda terminar con un crecimiento de 4,9 por ciento&#8217;.<\/p>\n<p>El documento establece que esta naci\u00f3n est\u00e1 compelida a realizar reformas estructurales profundas, las cuales le permitan elevar el salario real de los trabajadores, disminuir los niveles de desigualdad y mejorar la competitividad del aparato productivo nacional.<\/p>\n<p>Asimismo, Ciriaco se\u00f1al\u00f3 que Dominicana necesita superar lo que en econom\u00eda se le llama trampa de las econom\u00edas de ingreso medio que se\u00f1ala como a medida que los pa\u00edses alcanzan niveles de ingreso medio, el crecimiento puede experimentar una desaceleraci\u00f3n o crecer m\u00e1s lentamente.<\/p>\n<p>Por \u00faltimo, el informe platea que el crecimiento de la econom\u00eda dominicana durante el trimestre mencionado ha sido el resultado de las medidas de flexibilizaci\u00f3n monetaria aplicada despu\u00e9s del segundo semestre de 2017 y sus consecuencias se expresan en el crecimiento de 6,4 por ciento del per\u00edodo.<\/p>\n<p>&#8216;No obstante este crecimiento en este primer trimestre, hay que se\u00f1alar ha sido en un contexto econ\u00f3mico internacional el cual se torna cada vez m\u00e1s incierto y vol\u00e1til, por tanto, podr\u00eda ralentizar el crecimiento futuro de la econom\u00eda dominicana&#8217;, concluy\u00f3.<\/p><\/div>\n<div><\/div>\n<div style=\"text-align: right;\"><span style=\"color: #ff0000;\"><em>PL<\/em><\/span><\/div>\n","protected":false},"excerpt":{"rendered":"<p>SANTO DOMINGO, Rep\u00fablica Dominicana.- La Escuela de Econom\u00eda de la Universidad Aut\u00f3noma de Santo Domingo (UASD) vaticin\u00f3 hoy que Dominicana crecer\u00e1 este a\u00f1o solo un 4,9 por ciento, por debajo de las proyecciones del pa\u00eds. Seg\u00fan medios de prensa, el director del centro, Antonio Ciriaco, dio a conocer el dato al presentar este lunes el [&hellip;]<\/p>\n","protected":false},"author":1,"featured_media":0,"comment_status":"open","ping_status":"open","sticky":false,"template":"","format":"standard","meta":{"_bbp_topic_count":0,"_bbp_reply_count":0,"_bbp_total_topic_count":0,"_bbp_total_reply_count":0,"_bbp_voice_count":0,"_bbp_anonymous_reply_count":0,"_bbp_topic_count_hidden":0,"_bbp_reply_count_hidden":0,"_bbp_forum_subforum_count":0,"footnotes":""},"categories":[35,60],"tags":[],"class_list":{"0":"post-306329","1":"post","2":"type-post","3":"status-publish","4":"format-standard","6":"category-economia","7":"category-titulares-del-dia"},"_links":{"self":[{"href":"https:\/\/primermomento.com\/index.php?rest_route=\/wp\/v2\/posts\/306329","targetHints":{"allow":["GET"]}}],"collection":[{"href":"https:\/\/primermomento.com\/index.php?rest_route=\/wp\/v2\/posts"}],"about":[{"href":"https:\/\/primermomento.com\/index.php?rest_route=\/wp\/v2\/types\/post"}],"author":[{"embeddable":true,"href":"https:\/\/primermomento.com\/index.php?rest_route=\/wp\/v2\/users\/1"}],"replies":[{"embeddable":true,"href":"https:\/\/primermomento.com\/index.php?rest_route=%2Fwp%2Fv2%2Fcomments&post=306329"}],"version-history":[{"count":1,"href":"https:\/\/primermomento.com\/index.php?rest_route=\/wp\/v2\/posts\/306329\/revisions"}],"predecessor-version":[{"id":306330,"href":"https:\/\/primermomento.com\/index.php?rest_route=\/wp\/v2\/posts\/306329\/revisions\/306330"}],"wp:attachment":[{"href":"https:\/\/primermomento.com\/index.php?rest_route=%2Fwp%2Fv2%2Fmedia&parent=306329"}],"wp:term":[{"taxonomy":"category","embeddable":true,"href":"https:\/\/primermomento.com\/index.php?rest_route=%2Fwp%2Fv2%2Fcategories&post=306329"},{"taxonomy":"post_tag","embeddable":true,"href":"https:\/\/primermomento.com\/index.php?rest_route=%2Fwp%2Fv2%2Ftags&post=306329"}],"curies":[{"name":"wp","href":"https:\/\/api.w.org\/{rel}","templated":true}]}}