{"id":306393,"date":"2018-05-15T16:47:45","date_gmt":"2018-05-15T20:47:45","guid":{"rendered":"http:\/\/primermomento.com\/?p=306393"},"modified":"2018-05-15T16:47:45","modified_gmt":"2018-05-15T20:47:45","slug":"crece-mercado-de-aseguradoras-en-la-republica-dominicana","status":"publish","type":"post","link":"https:\/\/primermomento.com\/?p=306393","title":{"rendered":"Crece mercado de  aseguradoras en la Rep\u00fablica Dominicana"},"content":{"rendered":"<div class=\"fullNewsIntrotext\">SANTO DOMINGO, Rep\u00fablica Dominicana.- El superintendente de Seguros de la Rep\u00fablica Dominicana, Euclides Guti\u00e9rrez, revel\u00f3 que el mercado asegurador dominicano creci\u00f3 en 19,03 por ciento en el primer trimestre del a\u00f1o, se divulg\u00f3 hoy en esta capital.<\/div>\n<div><\/div>\n<div class=\"fullNewsFulltext\">\n<figure id=\"attachment_306394\" aria-describedby=\"caption-attachment-306394\" style=\"width: 300px\" class=\"wp-caption alignleft\"><img loading=\"lazy\" decoding=\"async\" class=\"size-medium wp-image-306394\" src=\"http:\/\/primermomento.com\/wp-content\/uploads\/2018\/05\/Euclides-Guti\u00e9rrez1-300x200.jpg\" alt=\"\" width=\"300\" height=\"200\" srcset=\"https:\/\/primermomento.com\/wp-content\/uploads\/2018\/05\/Euclides-Guti\u00e9rrez1-300x200.jpg 300w, https:\/\/primermomento.com\/wp-content\/uploads\/2018\/05\/Euclides-Guti\u00e9rrez1-73x50.jpg 73w, https:\/\/primermomento.com\/wp-content\/uploads\/2018\/05\/Euclides-Guti\u00e9rrez1-500x333.jpg 500w, https:\/\/primermomento.com\/wp-content\/uploads\/2018\/05\/Euclides-Guti\u00e9rrez1-280x186.jpg 280w, https:\/\/primermomento.com\/wp-content\/uploads\/2018\/05\/Euclides-Guti\u00e9rrez1-60x40.jpg 60w, https:\/\/primermomento.com\/wp-content\/uploads\/2018\/05\/Euclides-Guti\u00e9rrez1-638x425.jpg 638w, https:\/\/primermomento.com\/wp-content\/uploads\/2018\/05\/Euclides-Guti\u00e9rrez1-118x79.jpg 118w, https:\/\/primermomento.com\/wp-content\/uploads\/2018\/05\/Euclides-Guti\u00e9rrez1-479x319.jpg 479w, https:\/\/primermomento.com\/wp-content\/uploads\/2018\/05\/Euclides-Guti\u00e9rrez1.jpg 748w\" sizes=\"auto, (max-width: 300px) 100vw, 300px\" \/><figcaption id=\"caption-attachment-306394\" class=\"wp-caption-text\">Euclides Guti\u00e9rrez.<\/figcaption><\/figure>\n<p>De acuerdo con medios de prensa, las primas netas cobradas en esta naci\u00f3n llegaron en el mencionado per\u00edodo a 13 mil 704,8 millones de pesos (276 millones de d\u00f3lares), equivalente a un incremento dos mil 191,5 millones de pesos (44 millones de d\u00f3lares).<\/p>\n<p>&#8216;Todos estos datos nos dan cifras halag\u00fce\u00f1as y con las expectativas que tenemos, planteamos el reto del 50\/50, o sea, que al final de a\u00f1o las primas netas sobrepasen los 50 mil millones y celebremos en enero en grande el 50 Aniversario de la Creaci\u00f3n de \u00e9sta Superintendencia de Seguros&#8217;, expres\u00f3 Guti\u00e9rrez.<\/p>\n<p>Asimismo, manifest\u00f3 como la firma Fitch Ratings asegur\u00f3 que Dominicana crecer\u00e1 en este sector un 10 por ciento en este a\u00f1o, un tres por encima de lo proyectado para la regi\u00f3n de Centroam\u00e9rica, el cual se prev\u00e9 de un siete por ciento.<\/p>\n<p>Refiri\u00f3 que la mencionada firma plante\u00f3 como el crecimiento en esta naci\u00f3n esta naci\u00f3n est\u00e1 impulsado por el aumento de las p\u00f3lizas de seguros de veh\u00edculos, debido al incremento del parque vehicular, producto al buen desempe\u00f1o en las ventas de autom\u00f3viles.<\/p>\n<p>Finalmente, dijo que ha planteado la necesidad de poner en Agenda la Reforma a la Ley 146-02 Sobre Seguros y Fianzas, pues a su juicio, sin un nuevo marco legislativo, se hace dif\u00edcil replantear los retos futuros en ese sector.<\/p><\/div>\n<div><\/div>\n<div style=\"text-align: right;\"><span style=\"color: #ff0000;\"><em>PL<\/em><\/span><\/div>\n","protected":false},"excerpt":{"rendered":"<p>SANTO DOMINGO, Rep\u00fablica Dominicana.- El superintendente de Seguros de la Rep\u00fablica Dominicana, Euclides Guti\u00e9rrez, revel\u00f3 que el mercado asegurador dominicano creci\u00f3 en 19,03 por ciento en el primer trimestre del a\u00f1o, se divulg\u00f3 hoy en esta capital. De acuerdo con medios de prensa, las primas netas cobradas en esta naci\u00f3n llegaron en el mencionado per\u00edodo [&hellip;]<\/p>\n","protected":false},"author":1,"featured_media":0,"comment_status":"open","ping_status":"open","sticky":false,"template":"","format":"standard","meta":{"_bbp_topic_count":0,"_bbp_reply_count":0,"_bbp_total_topic_count":0,"_bbp_total_reply_count":0,"_bbp_voice_count":0,"_bbp_anonymous_reply_count":0,"_bbp_topic_count_hidden":0,"_bbp_reply_count_hidden":0,"_bbp_forum_subforum_count":0,"footnotes":""},"categories":[35,60],"tags":[],"class_list":{"0":"post-306393","1":"post","2":"type-post","3":"status-publish","4":"format-standard","6":"category-economia","7":"category-titulares-del-dia"},"_links":{"self":[{"href":"https:\/\/primermomento.com\/index.php?rest_route=\/wp\/v2\/posts\/306393","targetHints":{"allow":["GET"]}}],"collection":[{"href":"https:\/\/primermomento.com\/index.php?rest_route=\/wp\/v2\/posts"}],"about":[{"href":"https:\/\/primermomento.com\/index.php?rest_route=\/wp\/v2\/types\/post"}],"author":[{"embeddable":true,"href":"https:\/\/primermomento.com\/index.php?rest_route=\/wp\/v2\/users\/1"}],"replies":[{"embeddable":true,"href":"https:\/\/primermomento.com\/index.php?rest_route=%2Fwp%2Fv2%2Fcomments&post=306393"}],"version-history":[{"count":1,"href":"https:\/\/primermomento.com\/index.php?rest_route=\/wp\/v2\/posts\/306393\/revisions"}],"predecessor-version":[{"id":306395,"href":"https:\/\/primermomento.com\/index.php?rest_route=\/wp\/v2\/posts\/306393\/revisions\/306395"}],"wp:attachment":[{"href":"https:\/\/primermomento.com\/index.php?rest_route=%2Fwp%2Fv2%2Fmedia&parent=306393"}],"wp:term":[{"taxonomy":"category","embeddable":true,"href":"https:\/\/primermomento.com\/index.php?rest_route=%2Fwp%2Fv2%2Fcategories&post=306393"},{"taxonomy":"post_tag","embeddable":true,"href":"https:\/\/primermomento.com\/index.php?rest_route=%2Fwp%2Fv2%2Ftags&post=306393"}],"curies":[{"name":"wp","href":"https:\/\/api.w.org\/{rel}","templated":true}]}}