{"id":306669,"date":"2018-05-23T17:44:06","date_gmt":"2018-05-23T21:44:06","guid":{"rendered":"http:\/\/primermomento.com\/?p=306669"},"modified":"2018-05-23T17:44:06","modified_gmt":"2018-05-23T21:44:06","slug":"advierten-sobre-riesgo-de-propagacion-del-ebola-en-africa","status":"publish","type":"post","link":"https:\/\/primermomento.com\/?p=306669","title":{"rendered":"Advierten sobre riesgo de propagaci\u00f3n del \u00c9bola en \u00c1frica"},"content":{"rendered":"<div class=\"fullNewsIntrotext\">NACIONES UNIDAS, Naciones Unidas.- La Rep\u00fablica Democr\u00e1tica del Congo (RDC) se encuentra hoy en un l\u00edmite epidemiol\u00f3gico con respecto a la propagaci\u00f3n de la mortal enfermedad del \u00e9bola, alertaron hoy en la ONU autoridades sanitarias.<\/div>\n<div><\/div>\n<div class=\"fullNewsFulltext\"><img loading=\"lazy\" decoding=\"async\" class=\"size-medium wp-image-306670 alignright\" src=\"http:\/\/primermomento.com\/wp-content\/uploads\/2018\/05\/Ebola-africa1-300x200.jpg\" alt=\"\" width=\"300\" height=\"200\" srcset=\"https:\/\/primermomento.com\/wp-content\/uploads\/2018\/05\/Ebola-africa1-300x200.jpg 300w, https:\/\/primermomento.com\/wp-content\/uploads\/2018\/05\/Ebola-africa1-73x50.jpg 73w, https:\/\/primermomento.com\/wp-content\/uploads\/2018\/05\/Ebola-africa1-500x333.jpg 500w, https:\/\/primermomento.com\/wp-content\/uploads\/2018\/05\/Ebola-africa1-280x186.jpg 280w, https:\/\/primermomento.com\/wp-content\/uploads\/2018\/05\/Ebola-africa1-60x40.jpg 60w, https:\/\/primermomento.com\/wp-content\/uploads\/2018\/05\/Ebola-africa1-638x425.jpg 638w, https:\/\/primermomento.com\/wp-content\/uploads\/2018\/05\/Ebola-africa1-118x79.jpg 118w, https:\/\/primermomento.com\/wp-content\/uploads\/2018\/05\/Ebola-africa1-479x319.jpg 479w, https:\/\/primermomento.com\/wp-content\/uploads\/2018\/05\/Ebola-africa1.jpg 748w\" sizes=\"auto, (max-width: 300px) 100vw, 300px\" \/>La Organizaci\u00f3n Mundial de la Salud (OMS) trabaja ahora en nueve pa\u00edses cercanos a la RDC con el fin de evitar la propagaci\u00f3n de otro brote del virus del \u00c9bola, m\u00e1s all\u00e1 de las fronteras de ese pa\u00eds.<\/p>\n<p>A pesar de la respuesta r\u00e1pida del gobierno local y los socios internacionales a la amenaza, el riesgo es grande, de acuerdo con reportes de la OMS.<\/p>\n<p>Seg\u00fan el director general adjunto de esa organizaci\u00f3n, Peter Salama, quien encabeza la preparaci\u00f3n y respuesta ante emergencias, el brote actual ha cobrado 27 vidas desde que fue declarado el 8 de mayo, y a\u00fan sigue sin contenerse.<\/p>\n<p>El peligro de contagio regional es muy alto y por eso, la OMS aumenta la preparaci\u00f3n de las naciones vecinos para asegurarse de que pueden detectar, investigar y gestionar si hay un contagio.<\/p>\n<p>Los dos pa\u00edses en riesgo prioritarios son la Rep\u00fablica Centroafricana y la Rep\u00fablica del Congo, porque est\u00e1n pr\u00f3ximos al epicentro del evento actual en la provincia de Equateur y comparten fronteras muy transitadas con la RDC.<\/p>\n<p>Adem\u00e1s, la doctora Rebecca Matshidiso Moeti, directora regional de la OMS para \u00c1frica, se\u00f1al\u00f3 que Angola, Burundi, Ruanda, Sud\u00e1n del Sur, Tanzania, Zambia y en menor medida Uganda, tambi\u00e9n est\u00e1n en riesgo.<\/p>\n<p>En la actualidad, la OMS y sus gobiernos est\u00e1n tomando previsiones que podr\u00edan ser necesarias si el virus se expande.<\/p>\n<p>Hasta la fecha, hay 28 casos confirmados de \u00e9bola, 21 casos probables y nueve sospechosos. Desde el 8 de mayo, cuando se confirm\u00f3 el brote, se han producido 27 fallecimientos, tres de ellos confirmados por \u00e9bola.<\/p>\n<p>Pero el brote tiene tres o cuatro epicentros distintos y esto dificulta su contenci\u00f3n. Asimismo, preocupa bastante que la enfermedad haya llegado a la ciudad de Mbandaka y que cinco trabajadores sanitarios se enfermaran, lo cual aumenta la posibilidad del contagio.<\/p>\n<p>El gobierno congole\u00f1o, apoyado por la OMS, realiza campa\u00f1as de vacunaci\u00f3n &#8216;en anillo&#8217;, esto quiere decir, que vacunan a todas las personas en contacto directo o indirecto con una fuente de contagio.<\/p><\/div>\n<div><\/div>\n<div style=\"text-align: right;\"><span style=\"color: #ff0000;\"><em>PL<\/em><\/span><\/div>\n","protected":false},"excerpt":{"rendered":"<p>NACIONES UNIDAS, Naciones Unidas.- La Rep\u00fablica Democr\u00e1tica del Congo (RDC) se encuentra hoy en un l\u00edmite epidemiol\u00f3gico con respecto a la propagaci\u00f3n de la mortal enfermedad del \u00e9bola, alertaron hoy en la ONU autoridades sanitarias. La Organizaci\u00f3n Mundial de la Salud (OMS) trabaja ahora en nueve pa\u00edses cercanos a la RDC con el fin de [&hellip;]<\/p>\n","protected":false},"author":1,"featured_media":0,"comment_status":"open","ping_status":"open","sticky":false,"template":"","format":"standard","meta":{"_bbp_topic_count":0,"_bbp_reply_count":0,"_bbp_total_topic_count":0,"_bbp_total_reply_count":0,"_bbp_voice_count":0,"_bbp_anonymous_reply_count":0,"_bbp_topic_count_hidden":0,"_bbp_reply_count_hidden":0,"_bbp_forum_subforum_count":0,"footnotes":""},"categories":[60,36],"tags":[],"class_list":{"0":"post-306669","1":"post","2":"type-post","3":"status-publish","4":"format-standard","6":"category-titulares-del-dia","7":"category-salud"},"_links":{"self":[{"href":"https:\/\/primermomento.com\/index.php?rest_route=\/wp\/v2\/posts\/306669","targetHints":{"allow":["GET"]}}],"collection":[{"href":"https:\/\/primermomento.com\/index.php?rest_route=\/wp\/v2\/posts"}],"about":[{"href":"https:\/\/primermomento.com\/index.php?rest_route=\/wp\/v2\/types\/post"}],"author":[{"embeddable":true,"href":"https:\/\/primermomento.com\/index.php?rest_route=\/wp\/v2\/users\/1"}],"replies":[{"embeddable":true,"href":"https:\/\/primermomento.com\/index.php?rest_route=%2Fwp%2Fv2%2Fcomments&post=306669"}],"version-history":[{"count":1,"href":"https:\/\/primermomento.com\/index.php?rest_route=\/wp\/v2\/posts\/306669\/revisions"}],"predecessor-version":[{"id":306671,"href":"https:\/\/primermomento.com\/index.php?rest_route=\/wp\/v2\/posts\/306669\/revisions\/306671"}],"wp:attachment":[{"href":"https:\/\/primermomento.com\/index.php?rest_route=%2Fwp%2Fv2%2Fmedia&parent=306669"}],"wp:term":[{"taxonomy":"category","embeddable":true,"href":"https:\/\/primermomento.com\/index.php?rest_route=%2Fwp%2Fv2%2Fcategories&post=306669"},{"taxonomy":"post_tag","embeddable":true,"href":"https:\/\/primermomento.com\/index.php?rest_route=%2Fwp%2Fv2%2Ftags&post=306669"}],"curies":[{"name":"wp","href":"https:\/\/api.w.org\/{rel}","templated":true}]}}