{"id":306813,"date":"2018-05-29T16:43:36","date_gmt":"2018-05-29T20:43:36","guid":{"rendered":"http:\/\/primermomento.com\/?p=306813"},"modified":"2018-05-29T19:45:30","modified_gmt":"2018-05-29T23:45:30","slug":"economia-dominicana-crecio-75-por-ciento-en-abril","status":"publish","type":"post","link":"https:\/\/primermomento.com\/?p=306813","title":{"rendered":"Econom\u00eda dominicana creci\u00f3 7,5 por ciento en abril"},"content":{"rendered":"<div class=\"fullNewsIntrotext\">SANTO DOMINGO, Rep\u00fablica Dominicana.- La econom\u00eda de la Rep\u00fablica Dominicana creci\u00f3 un 7,5 por ciento en el pasado mes de abril, inform\u00f3 el Banco Central de esta naci\u00f3n.<\/div>\n<div><\/div>\n<div class=\"fullNewsFulltext\"><img loading=\"lazy\" decoding=\"async\" class=\"size-full wp-image-277773 alignright\" src=\"http:\/\/primermomento.com\/wp-content\/uploads\/2016\/06\/Banco-Central-RD.jpg\" alt=\"\" width=\"276\" height=\"183\" srcset=\"https:\/\/primermomento.com\/wp-content\/uploads\/2016\/06\/Banco-Central-RD.jpg 276w, https:\/\/primermomento.com\/wp-content\/uploads\/2016\/06\/Banco-Central-RD-60x40.jpg 60w, https:\/\/primermomento.com\/wp-content\/uploads\/2016\/06\/Banco-Central-RD-118x78.jpg 118w, https:\/\/primermomento.com\/wp-content\/uploads\/2016\/06\/Banco-Central-RD-153x100.jpg 153w\" sizes=\"auto, (max-width: 276px) 100vw, 276px\" \/>Seg\u00fan el Indicador mensual de actividad econ\u00f3mica (Imae), el mencionado crecimiento est\u00e1 sustentado fundamentalmente, por el crecimiento de la Construcci\u00f3n (33,7 por ciento), Zonas Francas (14,7), Servicios Financieros (10,1), Comercio (9,1), Salud (9,0), Transporte y Almacenamiento (8,8) y Manufactura Local (7,1 por ciento).<\/p>\n<p>La nota de prensa del ente emisor precisa que la Explotaci\u00f3n de Minas y Canteras es la \u00fanica actividad la cual presenta una variaci\u00f3n negativa en el mes de abril con un menos 32 por ciento en su valor agregado real, cuesti\u00f3n explicada por procesos de mantenimiento de maquinarias y equipos en las plantas de producci\u00f3n.<\/p>\n<p>Con ese resultado, el crecimiento acumulado de la econom\u00eda aumenta a 6,7 por ciento luego de haber experimentado una variaci\u00f3n interanual de 6,4 en el trimestre enero-marzo, lo que refleja que contin\u00faa el impulso de las medidas de flexibilizaci\u00f3n monetaria adoptadas a partir del mes de agosto del a\u00f1o 2017.<\/p>\n<p>Asimismo, en t\u00e9rminos de tendencia-ciclo, el Imae exhibe una expansi\u00f3n anualizada de 6,6 por ciento al cierre de abril, lo que refleja que la econom\u00eda muestra un crecimiento por encima de su potencial.<\/p><\/div>\n<div><\/div>\n<div style=\"text-align: right;\"><span style=\"color: #ff0000;\"><em>PL<\/em><\/span><\/div>\n","protected":false},"excerpt":{"rendered":"<p>SANTO DOMINGO, Rep\u00fablica Dominicana.- La econom\u00eda de la Rep\u00fablica Dominicana creci\u00f3 un 7,5 por ciento en el pasado mes de abril, inform\u00f3 el Banco Central de esta naci\u00f3n. Seg\u00fan el Indicador mensual de actividad econ\u00f3mica (Imae), el mencionado crecimiento est\u00e1 sustentado fundamentalmente, por el crecimiento de la Construcci\u00f3n (33,7 por ciento), Zonas Francas (14,7), Servicios [&hellip;]<\/p>\n","protected":false},"author":1,"featured_media":0,"comment_status":"open","ping_status":"open","sticky":false,"template":"","format":"standard","meta":{"_bbp_topic_count":0,"_bbp_reply_count":0,"_bbp_total_topic_count":0,"_bbp_total_reply_count":0,"_bbp_voice_count":0,"_bbp_anonymous_reply_count":0,"_bbp_topic_count_hidden":0,"_bbp_reply_count_hidden":0,"_bbp_forum_subforum_count":0,"footnotes":""},"categories":[35,60],"tags":[],"class_list":{"0":"post-306813","1":"post","2":"type-post","3":"status-publish","4":"format-standard","6":"category-economia","7":"category-titulares-del-dia"},"_links":{"self":[{"href":"https:\/\/primermomento.com\/index.php?rest_route=\/wp\/v2\/posts\/306813","targetHints":{"allow":["GET"]}}],"collection":[{"href":"https:\/\/primermomento.com\/index.php?rest_route=\/wp\/v2\/posts"}],"about":[{"href":"https:\/\/primermomento.com\/index.php?rest_route=\/wp\/v2\/types\/post"}],"author":[{"embeddable":true,"href":"https:\/\/primermomento.com\/index.php?rest_route=\/wp\/v2\/users\/1"}],"replies":[{"embeddable":true,"href":"https:\/\/primermomento.com\/index.php?rest_route=%2Fwp%2Fv2%2Fcomments&post=306813"}],"version-history":[{"count":1,"href":"https:\/\/primermomento.com\/index.php?rest_route=\/wp\/v2\/posts\/306813\/revisions"}],"predecessor-version":[{"id":306814,"href":"https:\/\/primermomento.com\/index.php?rest_route=\/wp\/v2\/posts\/306813\/revisions\/306814"}],"wp:attachment":[{"href":"https:\/\/primermomento.com\/index.php?rest_route=%2Fwp%2Fv2%2Fmedia&parent=306813"}],"wp:term":[{"taxonomy":"category","embeddable":true,"href":"https:\/\/primermomento.com\/index.php?rest_route=%2Fwp%2Fv2%2Fcategories&post=306813"},{"taxonomy":"post_tag","embeddable":true,"href":"https:\/\/primermomento.com\/index.php?rest_route=%2Fwp%2Fv2%2Ftags&post=306813"}],"curies":[{"name":"wp","href":"https:\/\/api.w.org\/{rel}","templated":true}]}}