{"id":306851,"date":"2018-05-30T10:24:24","date_gmt":"2018-05-30T14:24:24","guid":{"rendered":"http:\/\/primermomento.com\/?p=306851"},"modified":"2018-05-30T18:26:30","modified_gmt":"2018-05-30T22:26:30","slug":"canciller-dominicano-firma-acuerdo-con-centrocamara-de-comercio","status":"publish","type":"post","link":"https:\/\/primermomento.com\/?p=306851","title":{"rendered":"Canciller dominicano firma acuerdo con Centroc\u00e1mara de Comercio"},"content":{"rendered":"<div class=\"fullNewsIntrotext\">SANTO DOMINGO, Rep\u00fablica Dominicana.- El canciller dominicano, Miguel Vargas, y la presidenta de la Centroc\u00e1mara de Comercio de esta naci\u00f3n, Isabel Est\u00e9vez, suscribieron hoy un acuerdo para programar actividades y la integraci\u00f3n en la regi\u00f3n.<\/div>\n<div><\/div>\n<div class=\"fullNewsFulltext\">\n<figure id=\"attachment_306852\" aria-describedby=\"caption-attachment-306852\" style=\"width: 300px\" class=\"wp-caption alignleft\"><img loading=\"lazy\" decoding=\"async\" class=\"size-medium wp-image-306852\" src=\"http:\/\/primermomento.com\/wp-content\/uploads\/2018\/05\/Miguel-Vargas-y-comercio-300x200.jpg\" alt=\"\" width=\"300\" height=\"200\" srcset=\"https:\/\/primermomento.com\/wp-content\/uploads\/2018\/05\/Miguel-Vargas-y-comercio-300x200.jpg 300w, https:\/\/primermomento.com\/wp-content\/uploads\/2018\/05\/Miguel-Vargas-y-comercio-73x50.jpg 73w, https:\/\/primermomento.com\/wp-content\/uploads\/2018\/05\/Miguel-Vargas-y-comercio-500x333.jpg 500w, https:\/\/primermomento.com\/wp-content\/uploads\/2018\/05\/Miguel-Vargas-y-comercio-280x186.jpg 280w, https:\/\/primermomento.com\/wp-content\/uploads\/2018\/05\/Miguel-Vargas-y-comercio-60x40.jpg 60w, https:\/\/primermomento.com\/wp-content\/uploads\/2018\/05\/Miguel-Vargas-y-comercio-638x425.jpg 638w, https:\/\/primermomento.com\/wp-content\/uploads\/2018\/05\/Miguel-Vargas-y-comercio-118x79.jpg 118w, https:\/\/primermomento.com\/wp-content\/uploads\/2018\/05\/Miguel-Vargas-y-comercio-479x319.jpg 479w, https:\/\/primermomento.com\/wp-content\/uploads\/2018\/05\/Miguel-Vargas-y-comercio.jpg 748w\" sizes=\"auto, (max-width: 300px) 100vw, 300px\" \/><figcaption id=\"caption-attachment-306852\" class=\"wp-caption-text\">Miguel Vargas.<\/figcaption><\/figure>\n<p>De acuerdo con una nota de prensa de la canciller\u00eda, el mencionado acuerdo de cooperaci\u00f3n pretende profundizar el clima de negocios entre esta naci\u00f3n y la regi\u00f3n, la cual tiene un mercado que sobrepasa los 47 millones de personas.<\/p>\n<p>&#8216;Les anticipo que llevaremos a cabo una intensa agenda de actividades de negocios, de promoci\u00f3n comercial, misiones empresariales y talleres t\u00e9cnicos que ayuden a alcanzar los objetivos y beneficios establecidos en nuestro acuerdo comercial&#8217;, se\u00f1al\u00f3 Vargas.<\/p>\n<p>Asimismo, dijo que el Ministerio de Relaciones Exteriores dominicano trabaja en el proyecto de diplomacia comercial, que abarca el establecimiento de alianzas p\u00fablico-privadas para lo cual el Servicio Exterior promover\u00e1 la internacionalizaci\u00f3n de las empresas del pa\u00eds y la inversi\u00f3n extranjera.<\/p>\n<p>Por su parte, Est\u00e9vez tambi\u00e9n subray\u00f3 que la firma de este acuerdo contribuye a los esfuerzos p\u00fablicos y privados para impulsar los pilares fundamentales del Plan Nacional de Fomento a las Exportaciones y contribuir\u00e1 a la internacionalizaci\u00f3n de las empresas y la diversificaci\u00f3n de la oferta de bienes y servicios dominicanos.<\/p>\n<p>Centroc\u00e1mara de la Rep\u00fablica Dominicna es una c\u00e1mara de comercio y producci\u00f3n destinada a favorecer el intercambio econ\u00f3mico entre los pa\u00edses de la regi\u00f3n, al amparo del DR-CAFTA (Tratado de Libre Comercio entre la Rep\u00fablica Dominicana-Centroam\u00e9rica y Estados Unido).<\/p><\/div>\n<div><\/div>\n<div style=\"text-align: right;\"><span style=\"color: #ff0000;\"><em>PL<\/em><\/span><\/div>\n","protected":false},"excerpt":{"rendered":"<p>SANTO DOMINGO, Rep\u00fablica Dominicana.- El canciller dominicano, Miguel Vargas, y la presidenta de la Centroc\u00e1mara de Comercio de esta naci\u00f3n, Isabel Est\u00e9vez, suscribieron hoy un acuerdo para programar actividades y la integraci\u00f3n en la regi\u00f3n. De acuerdo con una nota de prensa de la canciller\u00eda, el mencionado acuerdo de cooperaci\u00f3n pretende profundizar el clima de [&hellip;]<\/p>\n","protected":false},"author":1,"featured_media":0,"comment_status":"open","ping_status":"open","sticky":false,"template":"","format":"standard","meta":{"_bbp_topic_count":0,"_bbp_reply_count":0,"_bbp_total_topic_count":0,"_bbp_total_reply_count":0,"_bbp_voice_count":0,"_bbp_anonymous_reply_count":0,"_bbp_topic_count_hidden":0,"_bbp_reply_count_hidden":0,"_bbp_forum_subforum_count":0,"footnotes":""},"categories":[35,60],"tags":[],"class_list":{"0":"post-306851","1":"post","2":"type-post","3":"status-publish","4":"format-standard","6":"category-economia","7":"category-titulares-del-dia"},"_links":{"self":[{"href":"https:\/\/primermomento.com\/index.php?rest_route=\/wp\/v2\/posts\/306851","targetHints":{"allow":["GET"]}}],"collection":[{"href":"https:\/\/primermomento.com\/index.php?rest_route=\/wp\/v2\/posts"}],"about":[{"href":"https:\/\/primermomento.com\/index.php?rest_route=\/wp\/v2\/types\/post"}],"author":[{"embeddable":true,"href":"https:\/\/primermomento.com\/index.php?rest_route=\/wp\/v2\/users\/1"}],"replies":[{"embeddable":true,"href":"https:\/\/primermomento.com\/index.php?rest_route=%2Fwp%2Fv2%2Fcomments&post=306851"}],"version-history":[{"count":1,"href":"https:\/\/primermomento.com\/index.php?rest_route=\/wp\/v2\/posts\/306851\/revisions"}],"predecessor-version":[{"id":306853,"href":"https:\/\/primermomento.com\/index.php?rest_route=\/wp\/v2\/posts\/306851\/revisions\/306853"}],"wp:attachment":[{"href":"https:\/\/primermomento.com\/index.php?rest_route=%2Fwp%2Fv2%2Fmedia&parent=306851"}],"wp:term":[{"taxonomy":"category","embeddable":true,"href":"https:\/\/primermomento.com\/index.php?rest_route=%2Fwp%2Fv2%2Fcategories&post=306851"},{"taxonomy":"post_tag","embeddable":true,"href":"https:\/\/primermomento.com\/index.php?rest_route=%2Fwp%2Fv2%2Ftags&post=306851"}],"curies":[{"name":"wp","href":"https:\/\/api.w.org\/{rel}","templated":true}]}}