{"id":306870,"date":"2018-05-31T12:37:00","date_gmt":"2018-05-31T16:37:00","guid":{"rendered":"http:\/\/primermomento.com\/?p=306870"},"modified":"2018-05-31T14:39:15","modified_gmt":"2018-05-31T18:39:15","slug":"trump-impone-tarifas-al-acero-y-aluminio-de-mexico-canada-y-la-ue","status":"publish","type":"post","link":"https:\/\/primermomento.com\/?p=306870","title":{"rendered":"Trump impone tarifas al acero y aluminio de M\u00e9xico, Canad\u00e1 y la UE"},"content":{"rendered":"<div class=\"fullNewsIntrotext\">WASHINGTON, Distrito de Columbia.- La administraci\u00f3n del presidente estadounidense, Donald Trump, anunci\u00f3 hoy que impondr\u00e1 aranceles a las importaciones de acero y aluminio provenientes de M\u00e9xico, Canad\u00e1 y la Uni\u00f3n Europea (UE), tres de sus mayores socios comerciales.<\/div>\n<div><\/div>\n<div class=\"fullNewsFulltext\">\n<figure id=\"attachment_287839\" aria-describedby=\"caption-attachment-287839\" style=\"width: 300px\" class=\"wp-caption alignleft\"><img loading=\"lazy\" decoding=\"async\" class=\"size-medium wp-image-287839\" src=\"http:\/\/primermomento.com\/wp-content\/uploads\/2017\/03\/Donald-Trump-y-Wilbur-Ross-300x196.jpg\" alt=\"\" width=\"300\" height=\"196\" srcset=\"https:\/\/primermomento.com\/wp-content\/uploads\/2017\/03\/Donald-Trump-y-Wilbur-Ross-300x196.jpg 300w, https:\/\/primermomento.com\/wp-content\/uploads\/2017\/03\/Donald-Trump-y-Wilbur-Ross-768x501.jpg 768w, https:\/\/primermomento.com\/wp-content\/uploads\/2017\/03\/Donald-Trump-y-Wilbur-Ross-1024x668.jpg 1024w, https:\/\/primermomento.com\/wp-content\/uploads\/2017\/03\/Donald-Trump-y-Wilbur-Ross-500x326.jpg 500w, https:\/\/primermomento.com\/wp-content\/uploads\/2017\/03\/Donald-Trump-y-Wilbur-Ross-280x183.jpg 280w, https:\/\/primermomento.com\/wp-content\/uploads\/2017\/03\/Donald-Trump-y-Wilbur-Ross-60x40.jpg 60w, https:\/\/primermomento.com\/wp-content\/uploads\/2017\/03\/Donald-Trump-y-Wilbur-Ross-638x416.jpg 638w, https:\/\/primermomento.com\/wp-content\/uploads\/2017\/03\/Donald-Trump-y-Wilbur-Ross-118x77.jpg 118w, https:\/\/primermomento.com\/wp-content\/uploads\/2017\/03\/Donald-Trump-y-Wilbur-Ross-479x312.jpg 479w, https:\/\/primermomento.com\/wp-content\/uploads\/2017\/03\/Donald-Trump-y-Wilbur-Ross-153x100.jpg 153w, https:\/\/primermomento.com\/wp-content\/uploads\/2017\/03\/Donald-Trump-y-Wilbur-Ross.jpg 1242w\" sizes=\"auto, (max-width: 300px) 100vw, 300px\" \/><figcaption id=\"caption-attachment-287839\" class=\"wp-caption-text\">Donald Trump y Wilbur Ross.<\/figcaption><\/figure>\n<p>El gobernante republicano hab\u00eda anunciado esos aranceles en marzo, pero otorg\u00f3 exenciones temporales a varios aliados, mientras negociaban los l\u00edmites potenciales de los env\u00edos realizados a este pa\u00eds.<\/p>\n<p>Canad\u00e1, M\u00e9xico y la UE se encontraban entre los socios a los que se concedi\u00f3 alivio moment\u00e1neo, mientras Washington continuaba la negociaci\u00f3n para abordar las preocupaciones del Gobierno sobre el estado de la producci\u00f3n nacional de acero y aluminio, pero a partir de ma\u00f1ana se les impondr\u00e1n las nuevas tarifas.<\/p>\n<p>As\u00ed lo dio a conocer el secretario de Comercio, Wilbur Ross, quien inform\u00f3 a la prensa que las conversaciones con el bloque comunitario no lograron alcanzar un acuerdo satisfactorio para convencer a Washington de continuar la exenci\u00f3n.<\/p>\n<p>Del mismo modo, apunt\u00f3 que las negociaciones con Canad\u00e1 y M\u00e9xico para revisar el Tratado de Libre Comercio de Am\u00e9rica del Norte est\u00e1n llevando m\u00e1s tiempo de lo previsto y no existe una fecha muy precisa para concluirlas, de ah\u00ed la decisi\u00f3n de tambi\u00e9n finalizar la excepci\u00f3n concedida a esos dos pa\u00edses.<\/p>\n<p>Los aranceles, que ser\u00e1n del 25 por ciento en el caso del acero, y del 10 por ciento en el del aluminio, entrar\u00e1n en vigor a partir de la medianoche de este viernes, precis\u00f3 el titular.<\/p>\n<p>Como reacci\u00f3n a la medida, M\u00e9xico anunci\u00f3 este jueves la imposici\u00f3n de tarifas sobre m\u00faltiples productos agr\u00edcolas e industriales de Estados Unidos, y la UE tambi\u00e9n prometi\u00f3 represalias contra mercanc\u00edas, como las motocicletas Harley-Davidson y el whiskey borb\u00f3n de Kentucky.<\/p>\n<p>&#8216;Esto es proteccionismo, puro y simple&#8217;, expres\u00f3 Jean-Claude Junker, presidente de la Comisi\u00f3n Europea.<\/p>\n<p>&#8216;Hoy es un mal d\u00eda para el comercio mundial. Hicimos todo lo posible para evitar este resultado&#8217;, indic\u00f3, por su parte, la comisionada de Comercio del bloque comunitario, Cecilia Malmstr\u00f6m.<\/p>\n<p>De acuerdo con la cadena CNN, el primer ministro canadiense, Justin Trudeau, prev\u00e9 realizar hoy una conferencia de prensa sobre el tema, y ya Ottawa advirti\u00f3 previamente que tomar\u00eda medidas para defender a sus trabajadores y los intereses comerciales del pa\u00eds.<\/p>\n<p>Medios locales advirtieron que la decisi\u00f3n de Trump podr\u00eda aumentar los precios para los estadounidenses en una variedad de productos cotidianos y colocar\u00eda a la naci\u00f3n en una disputa comercial en m\u00e1s de un frente, pues tambi\u00e9n avanza por separado en la imposici\u00f3n de millonarios aranceles sobre mercanc\u00edas chinas.<\/p><\/div>\n<div><\/div>\n<div style=\"text-align: right;\"><span style=\"color: #ff0000;\"><em>PL<\/em><\/span><\/div>\n","protected":false},"excerpt":{"rendered":"<p>WASHINGTON, Distrito de Columbia.- La administraci\u00f3n del presidente estadounidense, Donald Trump, anunci\u00f3 hoy que impondr\u00e1 aranceles a las importaciones de acero y aluminio provenientes de M\u00e9xico, Canad\u00e1 y la Uni\u00f3n Europea (UE), tres de sus mayores socios comerciales. El gobernante republicano hab\u00eda anunciado esos aranceles en marzo, pero otorg\u00f3 exenciones temporales a varios aliados, mientras [&hellip;]<\/p>\n","protected":false},"author":1,"featured_media":0,"comment_status":"open","ping_status":"open","sticky":false,"template":"","format":"standard","meta":{"_bbp_topic_count":0,"_bbp_reply_count":0,"_bbp_total_topic_count":0,"_bbp_total_reply_count":0,"_bbp_voice_count":0,"_bbp_anonymous_reply_count":0,"_bbp_topic_count_hidden":0,"_bbp_reply_count_hidden":0,"_bbp_forum_subforum_count":0,"footnotes":""},"categories":[35,60],"tags":[],"class_list":{"0":"post-306870","1":"post","2":"type-post","3":"status-publish","4":"format-standard","6":"category-economia","7":"category-titulares-del-dia"},"_links":{"self":[{"href":"https:\/\/primermomento.com\/index.php?rest_route=\/wp\/v2\/posts\/306870","targetHints":{"allow":["GET"]}}],"collection":[{"href":"https:\/\/primermomento.com\/index.php?rest_route=\/wp\/v2\/posts"}],"about":[{"href":"https:\/\/primermomento.com\/index.php?rest_route=\/wp\/v2\/types\/post"}],"author":[{"embeddable":true,"href":"https:\/\/primermomento.com\/index.php?rest_route=\/wp\/v2\/users\/1"}],"replies":[{"embeddable":true,"href":"https:\/\/primermomento.com\/index.php?rest_route=%2Fwp%2Fv2%2Fcomments&post=306870"}],"version-history":[{"count":1,"href":"https:\/\/primermomento.com\/index.php?rest_route=\/wp\/v2\/posts\/306870\/revisions"}],"predecessor-version":[{"id":306871,"href":"https:\/\/primermomento.com\/index.php?rest_route=\/wp\/v2\/posts\/306870\/revisions\/306871"}],"wp:attachment":[{"href":"https:\/\/primermomento.com\/index.php?rest_route=%2Fwp%2Fv2%2Fmedia&parent=306870"}],"wp:term":[{"taxonomy":"category","embeddable":true,"href":"https:\/\/primermomento.com\/index.php?rest_route=%2Fwp%2Fv2%2Fcategories&post=306870"},{"taxonomy":"post_tag","embeddable":true,"href":"https:\/\/primermomento.com\/index.php?rest_route=%2Fwp%2Fv2%2Ftags&post=306870"}],"curies":[{"name":"wp","href":"https:\/\/api.w.org\/{rel}","templated":true}]}}