{"id":306912,"date":"2018-06-01T12:46:46","date_gmt":"2018-06-01T16:46:46","guid":{"rendered":"http:\/\/primermomento.com\/?p=306912"},"modified":"2018-06-01T14:49:29","modified_gmt":"2018-06-01T18:49:29","slug":"partidos-de-china-y-dominicana-destacan-potencial-para-ampliar-nexos","status":"publish","type":"post","link":"https:\/\/primermomento.com\/?p=306912","title":{"rendered":"Partidos de China y Dominicana destacan potencial para ampliar nexos"},"content":{"rendered":"<div class=\"fullNewsIntrotext\">BEIJING, China.- El Partido Comunista de China (PCCh) y varias agrupaciones pol\u00edticas de Rep\u00fablica Dominicana destacaron las oportunidades existentes para fortalecer la cooperaci\u00f3n bilateral y regional, luego que ambos pa\u00edses establecieron relaciones diplom\u00e1ticas, informaron hoy fuentes oficiales.<\/div>\n<div><\/div>\n<div class=\"fullNewsFulltext\"><img loading=\"lazy\" decoding=\"async\" class=\"size-medium wp-image-306913 alignleft\" src=\"http:\/\/primermomento.com\/wp-content\/uploads\/2018\/06\/Encuentro-china-dominicana-300x200.jpg\" alt=\"\" width=\"300\" height=\"200\" srcset=\"https:\/\/primermomento.com\/wp-content\/uploads\/2018\/06\/Encuentro-china-dominicana-300x200.jpg 300w, https:\/\/primermomento.com\/wp-content\/uploads\/2018\/06\/Encuentro-china-dominicana-73x50.jpg 73w, https:\/\/primermomento.com\/wp-content\/uploads\/2018\/06\/Encuentro-china-dominicana-500x333.jpg 500w, https:\/\/primermomento.com\/wp-content\/uploads\/2018\/06\/Encuentro-china-dominicana-280x186.jpg 280w, https:\/\/primermomento.com\/wp-content\/uploads\/2018\/06\/Encuentro-china-dominicana-60x40.jpg 60w, https:\/\/primermomento.com\/wp-content\/uploads\/2018\/06\/Encuentro-china-dominicana-638x425.jpg 638w, https:\/\/primermomento.com\/wp-content\/uploads\/2018\/06\/Encuentro-china-dominicana-118x79.jpg 118w, https:\/\/primermomento.com\/wp-content\/uploads\/2018\/06\/Encuentro-china-dominicana-479x319.jpg 479w, https:\/\/primermomento.com\/wp-content\/uploads\/2018\/06\/Encuentro-china-dominicana.jpg 748w\" sizes=\"auto, (max-width: 300px) 100vw, 300px\" \/>Representantes de PCCh recibieron a l\u00edderes del Partido de la Liberaci\u00f3n Dominicana (PLD), Movimiento Izquierda Unida (MIU), Partido de los Trabajadores Dominicanos (PTD) y el Partido Revolucionario Dominicano (PRD) en la sure\u00f1a ciudad de Shenzhen.<\/p>\n<p>La delegaci\u00f3n antillana confirm\u00f3 a Prensa Latina que el encuentro se efectu\u00f3 en el contexto del segundo foro entre fuerzas pol\u00edticas de China y la Comunidad de Estados Latinoamericanos y Caribe\u00f1os.<\/p>\n<p>Li Jun, viceministro del Departamento Internacional del Comit\u00e9 Central del PCCh, se mostr\u00f3 complacido y destac\u00f3 la importancia de la formalizaci\u00f3n de los lazos diplom\u00e1ticos entre las dos naciones en momentos que se estrechan los nexos del gigante asi\u00e1tico con aquella zona.<\/p>\n<p>&#8216;Rep\u00fablica Dominicana es un pa\u00eds con una posici\u00f3n geoestrat\u00e9gica clave que puede abrir las puertas a China para toda la regi\u00f3n, (&#8230;) las relaciones diplom\u00e1ticas no es un logro en s\u00ed mismo, sino una oportunidad para explorar caminos de colaboraci\u00f3n para el beneficio mutuo&#8217; expres\u00f3 por su parte Manolo Pichardo, del Comit\u00e9 Central del PLD y presidente de la Conferencia Permanente de Partidos Pol\u00edticos de Am\u00e9rica Latina y el Caribe.<\/p>\n<p>En similares t\u00e9rminos se pronunciaron Manuel Celestino, del MIU; Rodolfo Coiscou, del PTD, y Jos\u00e9 Jaqu\u00e9z, del PRD, quienes acotaron que los v\u00ednculos entre Beijing y Santo Domingo tambi\u00e9n fomentar\u00e1 el comercio bilateral, la hermandad y la cooperaci\u00f3n.<\/p>\n<p>China y Rep\u00fablica Dominicana tienen nexos formales desde el pasado 1 de mayo.<\/p>\n<p>Aun sin dar ese paso, la naci\u00f3n caribe\u00f1a es el mayor socio comercial del gigante asi\u00e1tico en su zona y las actividades mercantiles casi totalizaron los dos mil millones de d\u00f3lares en 2017.<\/p><\/div>\n<div><\/div>\n<div style=\"text-align: right;\"><span style=\"color: #ff0000;\"><em>PL<\/em><\/span><\/div>\n","protected":false},"excerpt":{"rendered":"<p>BEIJING, China.- El Partido Comunista de China (PCCh) y varias agrupaciones pol\u00edticas de Rep\u00fablica Dominicana destacaron las oportunidades existentes para fortalecer la cooperaci\u00f3n bilateral y regional, luego que ambos pa\u00edses establecieron relaciones diplom\u00e1ticas, informaron hoy fuentes oficiales. Representantes de PCCh recibieron a l\u00edderes del Partido de la Liberaci\u00f3n Dominicana (PLD), Movimiento Izquierda Unida (MIU), Partido [&hellip;]<\/p>\n","protected":false},"author":1,"featured_media":0,"comment_status":"open","ping_status":"open","sticky":false,"template":"","format":"standard","meta":{"_bbp_topic_count":0,"_bbp_reply_count":0,"_bbp_total_topic_count":0,"_bbp_total_reply_count":0,"_bbp_voice_count":0,"_bbp_anonymous_reply_count":0,"_bbp_topic_count_hidden":0,"_bbp_reply_count_hidden":0,"_bbp_forum_subforum_count":0,"footnotes":""},"categories":[35,60],"tags":[],"class_list":{"0":"post-306912","1":"post","2":"type-post","3":"status-publish","4":"format-standard","6":"category-economia","7":"category-titulares-del-dia"},"_links":{"self":[{"href":"https:\/\/primermomento.com\/index.php?rest_route=\/wp\/v2\/posts\/306912","targetHints":{"allow":["GET"]}}],"collection":[{"href":"https:\/\/primermomento.com\/index.php?rest_route=\/wp\/v2\/posts"}],"about":[{"href":"https:\/\/primermomento.com\/index.php?rest_route=\/wp\/v2\/types\/post"}],"author":[{"embeddable":true,"href":"https:\/\/primermomento.com\/index.php?rest_route=\/wp\/v2\/users\/1"}],"replies":[{"embeddable":true,"href":"https:\/\/primermomento.com\/index.php?rest_route=%2Fwp%2Fv2%2Fcomments&post=306912"}],"version-history":[{"count":1,"href":"https:\/\/primermomento.com\/index.php?rest_route=\/wp\/v2\/posts\/306912\/revisions"}],"predecessor-version":[{"id":306914,"href":"https:\/\/primermomento.com\/index.php?rest_route=\/wp\/v2\/posts\/306912\/revisions\/306914"}],"wp:attachment":[{"href":"https:\/\/primermomento.com\/index.php?rest_route=%2Fwp%2Fv2%2Fmedia&parent=306912"}],"wp:term":[{"taxonomy":"category","embeddable":true,"href":"https:\/\/primermomento.com\/index.php?rest_route=%2Fwp%2Fv2%2Fcategories&post=306912"},{"taxonomy":"post_tag","embeddable":true,"href":"https:\/\/primermomento.com\/index.php?rest_route=%2Fwp%2Fv2%2Ftags&post=306912"}],"curies":[{"name":"wp","href":"https:\/\/api.w.org\/{rel}","templated":true}]}}