{"id":306918,"date":"2018-06-03T12:53:35","date_gmt":"2018-06-03T16:53:35","guid":{"rendered":"http:\/\/primermomento.com\/?p=306918"},"modified":"2018-06-03T12:54:10","modified_gmt":"2018-06-03T16:54:10","slug":"duelo-oficial-en-dominicana-por-fallecimiento-de-joseito-mateo","status":"publish","type":"post","link":"https:\/\/primermomento.com\/?p=306918","title":{"rendered":"Duelo oficial en Dominicana por fallecimiento de Jose\u00edto Mateo"},"content":{"rendered":"<div class=\"fullNewsIntrotext\">SANTO DOMINGO, Rep\u00fablica Dominicana.- El presidente de la Rep\u00fablica Dominicana, Danilo Medina, decret\u00f3 duelo oficial para hoy en todo el territorio nacional por el fallecimiento de Jose\u00edto Mateo, conocido como el rey del Merengue.<\/div>\n<figure id=\"attachment_306920\" aria-describedby=\"caption-attachment-306920\" style=\"width: 300px\" class=\"wp-caption alignright\"><img loading=\"lazy\" decoding=\"async\" class=\"size-medium wp-image-306920\" src=\"http:\/\/primermomento.com\/wp-content\/uploads\/2018\/06\/Joseito-Mateo1-300x199.jpg\" alt=\"\" width=\"300\" height=\"199\" srcset=\"https:\/\/primermomento.com\/wp-content\/uploads\/2018\/06\/Joseito-Mateo1-300x199.jpg 300w, https:\/\/primermomento.com\/wp-content\/uploads\/2018\/06\/Joseito-Mateo1.jpg 500w, https:\/\/primermomento.com\/wp-content\/uploads\/2018\/06\/Joseito-Mateo1-280x186.jpg 280w, https:\/\/primermomento.com\/wp-content\/uploads\/2018\/06\/Joseito-Mateo1-60x40.jpg 60w, https:\/\/primermomento.com\/wp-content\/uploads\/2018\/06\/Joseito-Mateo1-118x78.jpg 118w, https:\/\/primermomento.com\/wp-content\/uploads\/2018\/06\/Joseito-Mateo1-479x318.jpg 479w, https:\/\/primermomento.com\/wp-content\/uploads\/2018\/06\/Joseito-Mateo1-153x100.jpg 153w\" sizes=\"auto, (max-width: 300px) 100vw, 300px\" \/><figcaption id=\"caption-attachment-306920\" class=\"wp-caption-text\">Joseito-Mateo.<\/figcaption><\/figure>\n<p>El decreto emitido por el gobierno dominicano establece que la bandera ondear\u00e1 este domingo a media asta en los recintos militares y edificios p\u00fablicos de todo el pa\u00eds<\/p>\n<div class=\"fullNewsFulltext\">\n<p>El afamado cantante falleci\u00f3 el pasado 1 de junio a los 98 a\u00f1os de edad en el hospital Militar de esta capital.<\/p>\n<p>Con su muerte, Mateo dej\u00f3 un valioso legado musical en el ritmo que identifica a todo un pueblo y su huella qued\u00f3 plasmada en La orquesta San Jos\u00e9, en la cubana Sonora Matancera y en El Gran Combo de Puerto Rico.<\/p>\n<p>En 2014, fue declarado Rey del merengue por el Congreso Nacional dominicano y la C\u00e1mara de Diputados lo reconoci\u00f3 como &#8216;leyenda viva del merengue y de la m\u00fasica popular dominicana&#8217;.<\/p>\n<\/div>\n<div style=\"text-align: right;\"><span style=\"color: #ff0000;\"><em>PL<\/em><\/span><\/div>\n<p>&nbsp;<\/p>\n","protected":false},"excerpt":{"rendered":"<p>SANTO DOMINGO, Rep\u00fablica Dominicana.- El presidente de la Rep\u00fablica Dominicana, Danilo Medina, decret\u00f3 duelo oficial para hoy en todo el territorio nacional por el fallecimiento de Jose\u00edto Mateo, conocido como el rey del Merengue. El decreto emitido por el gobierno dominicano establece que la bandera ondear\u00e1 este domingo a media asta en los recintos militares [&hellip;]<\/p>\n","protected":false},"author":1,"featured_media":0,"comment_status":"open","ping_status":"open","sticky":false,"template":"","format":"standard","meta":{"_bbp_topic_count":0,"_bbp_reply_count":0,"_bbp_total_topic_count":0,"_bbp_total_reply_count":0,"_bbp_voice_count":0,"_bbp_anonymous_reply_count":0,"_bbp_topic_count_hidden":0,"_bbp_reply_count_hidden":0,"_bbp_forum_subforum_count":0,"footnotes":""},"categories":[60,32],"tags":[],"class_list":{"0":"post-306918","1":"post","2":"type-post","3":"status-publish","4":"format-standard","6":"category-titulares-del-dia","7":"category-lo-ultimo"},"_links":{"self":[{"href":"https:\/\/primermomento.com\/index.php?rest_route=\/wp\/v2\/posts\/306918","targetHints":{"allow":["GET"]}}],"collection":[{"href":"https:\/\/primermomento.com\/index.php?rest_route=\/wp\/v2\/posts"}],"about":[{"href":"https:\/\/primermomento.com\/index.php?rest_route=\/wp\/v2\/types\/post"}],"author":[{"embeddable":true,"href":"https:\/\/primermomento.com\/index.php?rest_route=\/wp\/v2\/users\/1"}],"replies":[{"embeddable":true,"href":"https:\/\/primermomento.com\/index.php?rest_route=%2Fwp%2Fv2%2Fcomments&post=306918"}],"version-history":[{"count":2,"href":"https:\/\/primermomento.com\/index.php?rest_route=\/wp\/v2\/posts\/306918\/revisions"}],"predecessor-version":[{"id":306922,"href":"https:\/\/primermomento.com\/index.php?rest_route=\/wp\/v2\/posts\/306918\/revisions\/306922"}],"wp:attachment":[{"href":"https:\/\/primermomento.com\/index.php?rest_route=%2Fwp%2Fv2%2Fmedia&parent=306918"}],"wp:term":[{"taxonomy":"category","embeddable":true,"href":"https:\/\/primermomento.com\/index.php?rest_route=%2Fwp%2Fv2%2Fcategories&post=306918"},{"taxonomy":"post_tag","embeddable":true,"href":"https:\/\/primermomento.com\/index.php?rest_route=%2Fwp%2Fv2%2Ftags&post=306918"}],"curies":[{"name":"wp","href":"https:\/\/api.w.org\/{rel}","templated":true}]}}