{"id":306946,"date":"2018-06-05T19:55:22","date_gmt":"2018-06-05T23:55:22","guid":{"rendered":"http:\/\/primermomento.com\/?p=306946"},"modified":"2018-06-05T19:55:22","modified_gmt":"2018-06-05T23:55:22","slug":"dominicana-aspira-recibir-15-millones-de-turistas-este-verano","status":"publish","type":"post","link":"https:\/\/primermomento.com\/?p=306946","title":{"rendered":"Dominicana aspira recibir 1,5 millones de turistas este verano"},"content":{"rendered":"<div class=\"fullNewsIntrotext\">SANTO DOMINGO, Rep\u00fablica Dominicana.- La Asociaci\u00f3n de Hoteles y Turismo de la Rep\u00fablica Dominicana (Asonahores), aspira recibir en el pa\u00eds durante la temporada de verano a 1,5 millones de turistas, se conoci\u00f3 hoy aqu\u00ed.<\/div>\n<div><\/div>\n<div class=\"fullNewsFulltext\"><img loading=\"lazy\" decoding=\"async\" class=\"size-medium wp-image-306947 alignleft\" src=\"http:\/\/primermomento.com\/wp-content\/uploads\/2018\/06\/0-0Dominicana-300x200.jpg\" alt=\"\" width=\"300\" height=\"200\" srcset=\"https:\/\/primermomento.com\/wp-content\/uploads\/2018\/06\/0-0Dominicana-300x200.jpg 300w, https:\/\/primermomento.com\/wp-content\/uploads\/2018\/06\/0-0Dominicana-73x50.jpg 73w, https:\/\/primermomento.com\/wp-content\/uploads\/2018\/06\/0-0Dominicana-500x333.jpg 500w, https:\/\/primermomento.com\/wp-content\/uploads\/2018\/06\/0-0Dominicana-280x186.jpg 280w, https:\/\/primermomento.com\/wp-content\/uploads\/2018\/06\/0-0Dominicana-60x40.jpg 60w, https:\/\/primermomento.com\/wp-content\/uploads\/2018\/06\/0-0Dominicana-638x425.jpg 638w, https:\/\/primermomento.com\/wp-content\/uploads\/2018\/06\/0-0Dominicana-118x79.jpg 118w, https:\/\/primermomento.com\/wp-content\/uploads\/2018\/06\/0-0Dominicana-479x319.jpg 479w, https:\/\/primermomento.com\/wp-content\/uploads\/2018\/06\/0-0Dominicana.jpg 748w\" sizes=\"auto, (max-width: 300px) 100vw, 300px\" \/>El presidente de esa instituci\u00f3n, Joel Santos, asegur\u00f3 como para este per\u00edodo el mayor reto ser\u00e1 conquistar el mercado europeo tomando en consideraci\u00f3n que los destinos tur\u00edsticos de la naci\u00f3n dominicana tienen como competidor a la Copa Mundial de F\u00fatbol, evento deportivo el cual retiene a estos viajeros en su continente.<\/p>\n<p>Sin embargo, dijo, los turistas norteamericanos y suramericanos representar\u00e1n la mayor cifra de llegada de visitantes durante el verano, de acuerdo con las proyecciones de Asonahores.<\/p>\n<p>Asimismo, manifest\u00f3 esperan cerrar 2018 con la llegada de seis millones de turistas por v\u00eda a\u00e9rea y 1,5 a trav\u00e9s de los cruceros.<\/p>\n<p>Seg\u00fan datos del Banco Central, el flujo tur\u00edstico para el per\u00edodo enero-abril del a\u00f1o en curso alcanz\u00f3 los dos millones 347 mil 820 visitantes no residentes los cuales ingresaron al pa\u00eds por v\u00eda a\u00e9rea, es decir, 124 mil 694 viajeros m\u00e1s que en igual per\u00edodo de 2017.<\/p><\/div>\n<div><\/div>\n<div style=\"text-align: right;\"><span style=\"color: #ff0000;\"><em>PL<\/em><\/span><\/div>\n","protected":false},"excerpt":{"rendered":"<p>SANTO DOMINGO, Rep\u00fablica Dominicana.- La Asociaci\u00f3n de Hoteles y Turismo de la Rep\u00fablica Dominicana (Asonahores), aspira recibir en el pa\u00eds durante la temporada de verano a 1,5 millones de turistas, se conoci\u00f3 hoy aqu\u00ed. El presidente de esa instituci\u00f3n, Joel Santos, asegur\u00f3 como para este per\u00edodo el mayor reto ser\u00e1 conquistar el mercado europeo tomando [&hellip;]<\/p>\n","protected":false},"author":1,"featured_media":0,"comment_status":"open","ping_status":"open","sticky":false,"template":"","format":"standard","meta":{"_bbp_topic_count":0,"_bbp_reply_count":0,"_bbp_total_topic_count":0,"_bbp_total_reply_count":0,"_bbp_voice_count":0,"_bbp_anonymous_reply_count":0,"_bbp_topic_count_hidden":0,"_bbp_reply_count_hidden":0,"_bbp_forum_subforum_count":0,"footnotes":""},"categories":[35,60],"tags":[],"class_list":{"0":"post-306946","1":"post","2":"type-post","3":"status-publish","4":"format-standard","6":"category-economia","7":"category-titulares-del-dia"},"_links":{"self":[{"href":"https:\/\/primermomento.com\/index.php?rest_route=\/wp\/v2\/posts\/306946","targetHints":{"allow":["GET"]}}],"collection":[{"href":"https:\/\/primermomento.com\/index.php?rest_route=\/wp\/v2\/posts"}],"about":[{"href":"https:\/\/primermomento.com\/index.php?rest_route=\/wp\/v2\/types\/post"}],"author":[{"embeddable":true,"href":"https:\/\/primermomento.com\/index.php?rest_route=\/wp\/v2\/users\/1"}],"replies":[{"embeddable":true,"href":"https:\/\/primermomento.com\/index.php?rest_route=%2Fwp%2Fv2%2Fcomments&post=306946"}],"version-history":[{"count":1,"href":"https:\/\/primermomento.com\/index.php?rest_route=\/wp\/v2\/posts\/306946\/revisions"}],"predecessor-version":[{"id":306948,"href":"https:\/\/primermomento.com\/index.php?rest_route=\/wp\/v2\/posts\/306946\/revisions\/306948"}],"wp:attachment":[{"href":"https:\/\/primermomento.com\/index.php?rest_route=%2Fwp%2Fv2%2Fmedia&parent=306946"}],"wp:term":[{"taxonomy":"category","embeddable":true,"href":"https:\/\/primermomento.com\/index.php?rest_route=%2Fwp%2Fv2%2Fcategories&post=306946"},{"taxonomy":"post_tag","embeddable":true,"href":"https:\/\/primermomento.com\/index.php?rest_route=%2Fwp%2Fv2%2Ftags&post=306946"}],"curies":[{"name":"wp","href":"https:\/\/api.w.org\/{rel}","templated":true}]}}