{"id":306999,"date":"2018-06-07T15:40:15","date_gmt":"2018-06-07T19:40:15","guid":{"rendered":"http:\/\/primermomento.com\/?p=306999"},"modified":"2018-06-07T15:40:15","modified_gmt":"2018-06-07T19:40:15","slug":"anuncian-foro-de-inversion-y-exportacion-sica-2018-en-dominicana","status":"publish","type":"post","link":"https:\/\/primermomento.com\/?p=306999","title":{"rendered":"Anuncian Foro de Inversi\u00f3n y Exportaci\u00f3n SICA-2018 en Dominicana"},"content":{"rendered":"<div class=\"fullNewsIntrotext\">SANTO DOMINGO, Rep\u00fablica Dominicana.- El Ministerio de Relaciones Exteriores y el Centro de Exportaci\u00f3n e Inversi\u00f3n de Rep\u00fablica Dominicana (CEI), anunciaron hoy la celebraci\u00f3n del Foro de Exportaci\u00f3n e Inversi\u00f3n SICA-2018, dirigido a promover la inversi\u00f3n e incrementar la competitividad.<\/div>\n<div><\/div>\n<div class=\"fullNewsFulltext\"><img loading=\"lazy\" decoding=\"async\" class=\"size-medium wp-image-307000 alignleft\" src=\"http:\/\/primermomento.com\/wp-content\/uploads\/2018\/06\/SICA-y-santo-domingo-300x200.jpg\" alt=\"\" width=\"300\" height=\"200\" srcset=\"https:\/\/primermomento.com\/wp-content\/uploads\/2018\/06\/SICA-y-santo-domingo-300x200.jpg 300w, https:\/\/primermomento.com\/wp-content\/uploads\/2018\/06\/SICA-y-santo-domingo-73x50.jpg 73w, https:\/\/primermomento.com\/wp-content\/uploads\/2018\/06\/SICA-y-santo-domingo-500x333.jpg 500w, https:\/\/primermomento.com\/wp-content\/uploads\/2018\/06\/SICA-y-santo-domingo-280x186.jpg 280w, https:\/\/primermomento.com\/wp-content\/uploads\/2018\/06\/SICA-y-santo-domingo-60x40.jpg 60w, https:\/\/primermomento.com\/wp-content\/uploads\/2018\/06\/SICA-y-santo-domingo-638x425.jpg 638w, https:\/\/primermomento.com\/wp-content\/uploads\/2018\/06\/SICA-y-santo-domingo-118x79.jpg 118w, https:\/\/primermomento.com\/wp-content\/uploads\/2018\/06\/SICA-y-santo-domingo-479x319.jpg 479w, https:\/\/primermomento.com\/wp-content\/uploads\/2018\/06\/SICA-y-santo-domingo.jpg 748w\" sizes=\"auto, (max-width: 300px) 100vw, 300px\" \/>En rueda de prensa efectuada en la sede de la canciller\u00eda, se explic\u00f3 que la cita tendr\u00e1 lugar en el Centro de Convenciones de la Canciller\u00eda los d\u00edas 28 y 29 de junio como parte de las actividades asociadas a la Cumbre Ordinaria de Jefes de Estado y de Gobierno del Sistema de Integraci\u00f3n Centroamericana (SICA).<\/p>\n<p>El viceministro de Asuntos Econ\u00f3micos y Cooperaci\u00f3n Internacional de la canciller\u00eda, Hugo Rivera, y el director del CEI, Marius de Le\u00f3n, explicaron que empresarios e inversionistas de la regi\u00f3n dispondr\u00e1n de stand-pa\u00eds para mostrar su oferta exportable, exposici\u00f3n la cual estar\u00e1 disponible durante los d\u00edas del evento.<\/p>\n<p>Asimismo, se conoci\u00f3 que habr\u00e1 conferencias, exposiciones, presentaciones y charlas sobre el clima de negocios y oportunidades de inversi\u00f3n p\u00fablica y privada en la regi\u00f3n.<\/p>\n<p>Al foro aaistir\u00e1n ministros de Relaciones Exteriores, directores de agencias de promoci\u00f3n de las exportaciones e inversiones, C\u00e1maras de Comercio, empresarios e inversionistas de los estados miembros del SICA, as\u00ed como invitados especiales de m\u00e1s de 20 pa\u00edses.<\/p>\n<p>Tambi\u00e9n har\u00e1n presencia expertos internacionales en materia econ\u00f3mica y comercial como la secretaria ejecutiva de la Comisi\u00f3n Econ\u00f3mica para Am\u00e9rica Latina y el Caribe, Alicia B\u00e1rcena, y el presidente ejecutivo del Banco Centroamericano de la Integraci\u00f3n Econ\u00f3mica, Nick Rischbieth.<\/p><\/div>\n<div><\/div>\n<div style=\"text-align: right;\"><span style=\"color: #ff0000;\"><em>PL<\/em><\/span><\/div>\n","protected":false},"excerpt":{"rendered":"<p>SANTO DOMINGO, Rep\u00fablica Dominicana.- El Ministerio de Relaciones Exteriores y el Centro de Exportaci\u00f3n e Inversi\u00f3n de Rep\u00fablica Dominicana (CEI), anunciaron hoy la celebraci\u00f3n del Foro de Exportaci\u00f3n e Inversi\u00f3n SICA-2018, dirigido a promover la inversi\u00f3n e incrementar la competitividad. En rueda de prensa efectuada en la sede de la canciller\u00eda, se explic\u00f3 que la [&hellip;]<\/p>\n","protected":false},"author":1,"featured_media":0,"comment_status":"open","ping_status":"open","sticky":false,"template":"","format":"standard","meta":{"_bbp_topic_count":0,"_bbp_reply_count":0,"_bbp_total_topic_count":0,"_bbp_total_reply_count":0,"_bbp_voice_count":0,"_bbp_anonymous_reply_count":0,"_bbp_topic_count_hidden":0,"_bbp_reply_count_hidden":0,"_bbp_forum_subforum_count":0,"footnotes":""},"categories":[35,60],"tags":[],"class_list":{"0":"post-306999","1":"post","2":"type-post","3":"status-publish","4":"format-standard","6":"category-economia","7":"category-titulares-del-dia"},"_links":{"self":[{"href":"https:\/\/primermomento.com\/index.php?rest_route=\/wp\/v2\/posts\/306999","targetHints":{"allow":["GET"]}}],"collection":[{"href":"https:\/\/primermomento.com\/index.php?rest_route=\/wp\/v2\/posts"}],"about":[{"href":"https:\/\/primermomento.com\/index.php?rest_route=\/wp\/v2\/types\/post"}],"author":[{"embeddable":true,"href":"https:\/\/primermomento.com\/index.php?rest_route=\/wp\/v2\/users\/1"}],"replies":[{"embeddable":true,"href":"https:\/\/primermomento.com\/index.php?rest_route=%2Fwp%2Fv2%2Fcomments&post=306999"}],"version-history":[{"count":1,"href":"https:\/\/primermomento.com\/index.php?rest_route=\/wp\/v2\/posts\/306999\/revisions"}],"predecessor-version":[{"id":307001,"href":"https:\/\/primermomento.com\/index.php?rest_route=\/wp\/v2\/posts\/306999\/revisions\/307001"}],"wp:attachment":[{"href":"https:\/\/primermomento.com\/index.php?rest_route=%2Fwp%2Fv2%2Fmedia&parent=306999"}],"wp:term":[{"taxonomy":"category","embeddable":true,"href":"https:\/\/primermomento.com\/index.php?rest_route=%2Fwp%2Fv2%2Fcategories&post=306999"},{"taxonomy":"post_tag","embeddable":true,"href":"https:\/\/primermomento.com\/index.php?rest_route=%2Fwp%2Fv2%2Ftags&post=306999"}],"curies":[{"name":"wp","href":"https:\/\/api.w.org\/{rel}","templated":true}]}}