{"id":307036,"date":"2018-06-08T12:02:36","date_gmt":"2018-06-08T16:02:36","guid":{"rendered":"http:\/\/primermomento.com\/?p=307036"},"modified":"2018-06-08T17:03:04","modified_gmt":"2018-06-08T21:03:04","slug":"polucion-causa-miles-de-muertes-en-mexico","status":"publish","type":"post","link":"https:\/\/primermomento.com\/?p=307036","title":{"rendered":"Poluci\u00f3n causa miles de muertes en M\u00e9xico"},"content":{"rendered":"<div class=\"fullNewsIntrotext\">CIUDAD DE M\u00c9XICO, M\u00e9xico.- La poluci\u00f3n cobra la vida anualmente de 21 mil personas en M\u00e9xico, seg\u00fan cifras del Instituto Nacional de Salud, divulgadas hoy aqu\u00ed.<\/div>\n<div><\/div>\n<div class=\"fullNewsFulltext\">\n<p><img loading=\"lazy\" decoding=\"async\" class=\"size-medium wp-image-307037 alignleft\" src=\"http:\/\/primermomento.com\/wp-content\/uploads\/2018\/06\/Poluci\u00f3n-en-M\u00e9xico-300x150.jpg\" alt=\"\" width=\"300\" height=\"150\" srcset=\"https:\/\/primermomento.com\/wp-content\/uploads\/2018\/06\/Poluci\u00f3n-en-M\u00e9xico-300x150.jpg 300w, https:\/\/primermomento.com\/wp-content\/uploads\/2018\/06\/Poluci\u00f3n-en-M\u00e9xico-500x250.jpg 500w, https:\/\/primermomento.com\/wp-content\/uploads\/2018\/06\/Poluci\u00f3n-en-M\u00e9xico-280x140.jpg 280w, https:\/\/primermomento.com\/wp-content\/uploads\/2018\/06\/Poluci\u00f3n-en-M\u00e9xico-118x59.jpg 118w, https:\/\/primermomento.com\/wp-content\/uploads\/2018\/06\/Poluci\u00f3n-en-M\u00e9xico-479x240.jpg 479w, https:\/\/primermomento.com\/wp-content\/uploads\/2018\/06\/Poluci\u00f3n-en-M\u00e9xico.jpg 620w\" sizes=\"auto, (max-width: 300px) 100vw, 300px\" \/>Por su parte la profesora de la Facultad de Medicina de la Universidad Nacional Aut\u00f3noma de M\u00e9xico (UNAM), Ana Rosa Moreno, advirti\u00f3 que la contaminaci\u00f3n por di\u00f3xido de azufre afecta la funci\u00f3n respiratoria, cardiovascular y provoca fatiga, falta de atenci\u00f3n y disminuci\u00f3n del enfoque cognitivo de las personas.<\/p>\n<p>Sus declaraciones ocurrieron luego de que la Comisi\u00f3n Ambiental de la Megal\u00f3polis activ\u00f3 la fase I de contingencia ambiental, por alta presencia de part\u00edculas contaminantes en el aire.<\/p>\n<p>De acuerdo con la acad\u00e9mica, nueve de cada diez personas en el mundo respiran aire de mala calidad, lo que provoca ocho millones de muertes al a\u00f1o por contaminaci\u00f3n. Mientras en M\u00e9xico, seg\u00fan cifras del Instituto Nacional de Salud P\u00fablica, mueren 21 mil personas al a\u00f1o por esta causa.<\/p>\n<p>Algunos de los padecimientos relacionados con la exposici\u00f3n a contaminantes que se han identificado son el c\u00e1ncer pulmonar, afecciones cerebrovasculares y degenerativas como la diabetes mellitus, la enfermedad de Alzheimer y el autismo.<\/p>\n<p>Entre los agentes contaminantes destacan las part\u00edculas s\u00f3lidas, l\u00edquidas, polvo, cenizas, holl\u00edn, met\u00e1licas, cemento o polen-, el ozono, di\u00f3xido de nitr\u00f3geno, di\u00f3xido de azufre y el mon\u00f3xido de carbono.<\/p>\n<p>&#8216;Existe una estrecha relaci\u00f3n cuantitativa entre la exposici\u00f3n a altas concentraciones de peque\u00f1as part\u00edculas PM10 y PM2.5 y el aumento de la mortalidad, as\u00ed como morbilidad diaria y a largo plazo&#8217;, subray\u00f3 la experta al diario Exc\u00e9lsior.<\/p>\n<\/div>\n<div><\/div>\n<div style=\"text-align: right;\"><span style=\"color: #ff0000;\"><em>PL<\/em><\/span><\/div>\n","protected":false},"excerpt":{"rendered":"<p>CIUDAD DE M\u00c9XICO, M\u00e9xico.- La poluci\u00f3n cobra la vida anualmente de 21 mil personas en M\u00e9xico, seg\u00fan cifras del Instituto Nacional de Salud, divulgadas hoy aqu\u00ed. Por su parte la profesora de la Facultad de Medicina de la Universidad Nacional Aut\u00f3noma de M\u00e9xico (UNAM), Ana Rosa Moreno, advirti\u00f3 que la contaminaci\u00f3n por di\u00f3xido de azufre [&hellip;]<\/p>\n","protected":false},"author":1,"featured_media":0,"comment_status":"open","ping_status":"open","sticky":false,"template":"","format":"standard","meta":{"_bbp_topic_count":0,"_bbp_reply_count":0,"_bbp_total_topic_count":0,"_bbp_total_reply_count":0,"_bbp_voice_count":0,"_bbp_anonymous_reply_count":0,"_bbp_topic_count_hidden":0,"_bbp_reply_count_hidden":0,"_bbp_forum_subforum_count":0,"footnotes":""},"categories":[30,35,60],"tags":[],"class_list":{"0":"post-307036","1":"post","2":"type-post","3":"status-publish","4":"format-standard","6":"category-actualidad","7":"category-economia","8":"category-titulares-del-dia"},"_links":{"self":[{"href":"https:\/\/primermomento.com\/index.php?rest_route=\/wp\/v2\/posts\/307036","targetHints":{"allow":["GET"]}}],"collection":[{"href":"https:\/\/primermomento.com\/index.php?rest_route=\/wp\/v2\/posts"}],"about":[{"href":"https:\/\/primermomento.com\/index.php?rest_route=\/wp\/v2\/types\/post"}],"author":[{"embeddable":true,"href":"https:\/\/primermomento.com\/index.php?rest_route=\/wp\/v2\/users\/1"}],"replies":[{"embeddable":true,"href":"https:\/\/primermomento.com\/index.php?rest_route=%2Fwp%2Fv2%2Fcomments&post=307036"}],"version-history":[{"count":2,"href":"https:\/\/primermomento.com\/index.php?rest_route=\/wp\/v2\/posts\/307036\/revisions"}],"predecessor-version":[{"id":307039,"href":"https:\/\/primermomento.com\/index.php?rest_route=\/wp\/v2\/posts\/307036\/revisions\/307039"}],"wp:attachment":[{"href":"https:\/\/primermomento.com\/index.php?rest_route=%2Fwp%2Fv2%2Fmedia&parent=307036"}],"wp:term":[{"taxonomy":"category","embeddable":true,"href":"https:\/\/primermomento.com\/index.php?rest_route=%2Fwp%2Fv2%2Fcategories&post=307036"},{"taxonomy":"post_tag","embeddable":true,"href":"https:\/\/primermomento.com\/index.php?rest_route=%2Fwp%2Fv2%2Ftags&post=307036"}],"curies":[{"name":"wp","href":"https:\/\/api.w.org\/{rel}","templated":true}]}}