{"id":307107,"date":"2018-06-11T15:09:42","date_gmt":"2018-06-11T19:09:42","guid":{"rendered":"http:\/\/primermomento.com\/?p=307107"},"modified":"2018-06-11T15:09:42","modified_gmt":"2018-06-11T19:09:42","slug":"dominicana-registra-inflacion-de-026-por-ciento-en-mayo","status":"publish","type":"post","link":"https:\/\/primermomento.com\/?p=307107","title":{"rendered":"Dominicana registra inflaci\u00f3n de 0,26 por ciento en mayo"},"content":{"rendered":"<div class=\"fullNewsIntrotext\">SANTO DOMINGO, Rep\u00fablica Dominicana.- El Indice de Precios al Consumidor en Dominicana registr\u00f3 en mayo una variaci\u00f3n mensual de 0,26 por ciento, inform\u00f3 hoy el Banco Central.<\/div>\n<div><\/div>\n<div class=\"fullNewsFulltext\"><img loading=\"lazy\" decoding=\"async\" class=\"size-full wp-image-277773 alignright\" src=\"http:\/\/primermomento.com\/wp-content\/uploads\/2016\/06\/Banco-Central-RD.jpg\" alt=\"\" width=\"276\" height=\"183\" srcset=\"https:\/\/primermomento.com\/wp-content\/uploads\/2016\/06\/Banco-Central-RD.jpg 276w, https:\/\/primermomento.com\/wp-content\/uploads\/2016\/06\/Banco-Central-RD-60x40.jpg 60w, https:\/\/primermomento.com\/wp-content\/uploads\/2016\/06\/Banco-Central-RD-118x78.jpg 118w, https:\/\/primermomento.com\/wp-content\/uploads\/2016\/06\/Banco-Central-RD-153x100.jpg 153w\" sizes=\"auto, (max-width: 276px) 100vw, 276px\" \/>Seg\u00fan los datos aportados por esa instituci\u00f3n, la inflaci\u00f3n acumulada en lo que va de a\u00f1o se encuentra en 1,22 por ciento, mientras la anualizada, medida desde mayo 2017 hasta mayo 2018, se ubic\u00f3 en 4,47 por ciento.<\/p>\n<p>El ente emisor explic\u00f3 que esa variaci\u00f3n se produjo principalmente por el comportamiento de los precios en el transporte (0,86 por ciento) y vivienda (1,17). No fue mayor debido a las disminuciones en los precios de algunos bienes en la canasta familiar dentro del grupo Alimentos y Bebidas No Alcoh\u00f3licas (-0.25)<\/p>\n<p>Asimismo, revel\u00f3 que la inflaci\u00f3n subyacente interanual se coloc\u00f3 en 2,70 por ciento, indicador el cual mide las presiones inflacionarias de origen monetario aisl\u00e1ndolas de los factores ex\u00f3genos.<\/p><\/div>\n<div><\/div>\n<div style=\"text-align: right;\"><span style=\"color: #ff0000;\"><em>PL<\/em><\/span><\/div>\n","protected":false},"excerpt":{"rendered":"<p>SANTO DOMINGO, Rep\u00fablica Dominicana.- El Indice de Precios al Consumidor en Dominicana registr\u00f3 en mayo una variaci\u00f3n mensual de 0,26 por ciento, inform\u00f3 hoy el Banco Central. Seg\u00fan los datos aportados por esa instituci\u00f3n, la inflaci\u00f3n acumulada en lo que va de a\u00f1o se encuentra en 1,22 por ciento, mientras la anualizada, medida desde mayo [&hellip;]<\/p>\n","protected":false},"author":1,"featured_media":0,"comment_status":"open","ping_status":"open","sticky":false,"template":"","format":"standard","meta":{"_bbp_topic_count":0,"_bbp_reply_count":0,"_bbp_total_topic_count":0,"_bbp_total_reply_count":0,"_bbp_voice_count":0,"_bbp_anonymous_reply_count":0,"_bbp_topic_count_hidden":0,"_bbp_reply_count_hidden":0,"_bbp_forum_subforum_count":0,"footnotes":""},"categories":[35,60],"tags":[],"class_list":{"0":"post-307107","1":"post","2":"type-post","3":"status-publish","4":"format-standard","6":"category-economia","7":"category-titulares-del-dia"},"_links":{"self":[{"href":"https:\/\/primermomento.com\/index.php?rest_route=\/wp\/v2\/posts\/307107","targetHints":{"allow":["GET"]}}],"collection":[{"href":"https:\/\/primermomento.com\/index.php?rest_route=\/wp\/v2\/posts"}],"about":[{"href":"https:\/\/primermomento.com\/index.php?rest_route=\/wp\/v2\/types\/post"}],"author":[{"embeddable":true,"href":"https:\/\/primermomento.com\/index.php?rest_route=\/wp\/v2\/users\/1"}],"replies":[{"embeddable":true,"href":"https:\/\/primermomento.com\/index.php?rest_route=%2Fwp%2Fv2%2Fcomments&post=307107"}],"version-history":[{"count":1,"href":"https:\/\/primermomento.com\/index.php?rest_route=\/wp\/v2\/posts\/307107\/revisions"}],"predecessor-version":[{"id":307108,"href":"https:\/\/primermomento.com\/index.php?rest_route=\/wp\/v2\/posts\/307107\/revisions\/307108"}],"wp:attachment":[{"href":"https:\/\/primermomento.com\/index.php?rest_route=%2Fwp%2Fv2%2Fmedia&parent=307107"}],"wp:term":[{"taxonomy":"category","embeddable":true,"href":"https:\/\/primermomento.com\/index.php?rest_route=%2Fwp%2Fv2%2Fcategories&post=307107"},{"taxonomy":"post_tag","embeddable":true,"href":"https:\/\/primermomento.com\/index.php?rest_route=%2Fwp%2Fv2%2Ftags&post=307107"}],"curies":[{"name":"wp","href":"https:\/\/api.w.org\/{rel}","templated":true}]}}