{"id":307203,"date":"2018-06-13T08:50:23","date_gmt":"2018-06-13T12:50:23","guid":{"rendered":"http:\/\/primermomento.com\/?p=307203"},"modified":"2018-06-13T15:52:58","modified_gmt":"2018-06-13T19:52:58","slug":"reportan-crecimiento-de-partos-prematuros-en-estados-unidos","status":"publish","type":"post","link":"https:\/\/primermomento.com\/?p=307203","title":{"rendered":"Reportan crecimiento de partos prematuros en Estados Unidos"},"content":{"rendered":"<div class=\"fullNewsIntrotext\">WASHINGTON, Distrito de Columbia.- La tasa de nacimientos prematuros en Estados Unidos aument\u00f3 casi tres d\u00e9cimas porcentuales de 2014 a 2016, comunicaron hoy los Centros de Control y Prevenci\u00f3n de Enfermedades.<\/div>\n<div><\/div>\n<div class=\"fullNewsFulltext\"><img loading=\"lazy\" decoding=\"async\" class=\"size-medium wp-image-307204 alignleft\" src=\"http:\/\/primermomento.com\/wp-content\/uploads\/2018\/06\/1partos-prematuros-en-Estados-Unidos-300x200.jpg\" alt=\"\" width=\"300\" height=\"200\" srcset=\"https:\/\/primermomento.com\/wp-content\/uploads\/2018\/06\/1partos-prematuros-en-Estados-Unidos-300x200.jpg 300w, https:\/\/primermomento.com\/wp-content\/uploads\/2018\/06\/1partos-prematuros-en-Estados-Unidos-73x50.jpg 73w, https:\/\/primermomento.com\/wp-content\/uploads\/2018\/06\/1partos-prematuros-en-Estados-Unidos-500x333.jpg 500w, https:\/\/primermomento.com\/wp-content\/uploads\/2018\/06\/1partos-prematuros-en-Estados-Unidos-280x186.jpg 280w, https:\/\/primermomento.com\/wp-content\/uploads\/2018\/06\/1partos-prematuros-en-Estados-Unidos-60x40.jpg 60w, https:\/\/primermomento.com\/wp-content\/uploads\/2018\/06\/1partos-prematuros-en-Estados-Unidos-638x425.jpg 638w, https:\/\/primermomento.com\/wp-content\/uploads\/2018\/06\/1partos-prematuros-en-Estados-Unidos-118x79.jpg 118w, https:\/\/primermomento.com\/wp-content\/uploads\/2018\/06\/1partos-prematuros-en-Estados-Unidos-479x319.jpg 479w, https:\/\/primermomento.com\/wp-content\/uploads\/2018\/06\/1partos-prematuros-en-Estados-Unidos.jpg 748w\" sizes=\"auto, (max-width: 300px) 100vw, 300px\" \/>De acuerdo con el informe, el \u00edndice de alumbramientos con menos de 37 semanas de gestaci\u00f3n pas\u00f3 de 9,57 a 9,85 por ciento de un a\u00f1o a a\u00f1o, y fue de 9,63 en el intermedio. A lo largo de dicho per\u00edodo, el indicador se increment\u00f3 en 23 de los 50 estados y el Distrito de Columbia, apunt\u00f3 la fuente.<\/p>\n<p>Por otra parte, los partos \u00fanicos de este tipo ascendieron de 7,74 a 8,02 por ciento, y los m\u00faltiples tambi\u00e9n lo hicieron de 59,99 a 61,04 por ciento.<\/p>\n<p>Entre las mujeres blancas, la referida tasa permaneci\u00f3 pr\u00e1cticamente igual de 2014 a 2015, pero del \u00faltimo a\u00f1o al siguiente tuvo una subida de dos por ciento para situarse en 9,06.<\/p>\n<p>Mientras, en el caso de las afroamericanas los valores repuntaron desde 13,23 hasta 13,64 por ciento, precis\u00f3 el reporte.<\/p><\/div>\n<div><\/div>\n<div style=\"text-align: right;\"><span style=\"color: #ff0000;\"><em>PL<\/em><\/span><\/div>\n","protected":false},"excerpt":{"rendered":"<p>WASHINGTON, Distrito de Columbia.- La tasa de nacimientos prematuros en Estados Unidos aument\u00f3 casi tres d\u00e9cimas porcentuales de 2014 a 2016, comunicaron hoy los Centros de Control y Prevenci\u00f3n de Enfermedades. De acuerdo con el informe, el \u00edndice de alumbramientos con menos de 37 semanas de gestaci\u00f3n pas\u00f3 de 9,57 a 9,85 por ciento de [&hellip;]<\/p>\n","protected":false},"author":1,"featured_media":0,"comment_status":"open","ping_status":"open","sticky":false,"template":"","format":"standard","meta":{"_bbp_topic_count":0,"_bbp_reply_count":0,"_bbp_total_topic_count":0,"_bbp_total_reply_count":0,"_bbp_voice_count":0,"_bbp_anonymous_reply_count":0,"_bbp_topic_count_hidden":0,"_bbp_reply_count_hidden":0,"_bbp_forum_subforum_count":0,"footnotes":""},"categories":[60,36],"tags":[],"class_list":{"0":"post-307203","1":"post","2":"type-post","3":"status-publish","4":"format-standard","6":"category-titulares-del-dia","7":"category-salud"},"_links":{"self":[{"href":"https:\/\/primermomento.com\/index.php?rest_route=\/wp\/v2\/posts\/307203","targetHints":{"allow":["GET"]}}],"collection":[{"href":"https:\/\/primermomento.com\/index.php?rest_route=\/wp\/v2\/posts"}],"about":[{"href":"https:\/\/primermomento.com\/index.php?rest_route=\/wp\/v2\/types\/post"}],"author":[{"embeddable":true,"href":"https:\/\/primermomento.com\/index.php?rest_route=\/wp\/v2\/users\/1"}],"replies":[{"embeddable":true,"href":"https:\/\/primermomento.com\/index.php?rest_route=%2Fwp%2Fv2%2Fcomments&post=307203"}],"version-history":[{"count":1,"href":"https:\/\/primermomento.com\/index.php?rest_route=\/wp\/v2\/posts\/307203\/revisions"}],"predecessor-version":[{"id":307205,"href":"https:\/\/primermomento.com\/index.php?rest_route=\/wp\/v2\/posts\/307203\/revisions\/307205"}],"wp:attachment":[{"href":"https:\/\/primermomento.com\/index.php?rest_route=%2Fwp%2Fv2%2Fmedia&parent=307203"}],"wp:term":[{"taxonomy":"category","embeddable":true,"href":"https:\/\/primermomento.com\/index.php?rest_route=%2Fwp%2Fv2%2Fcategories&post=307203"},{"taxonomy":"post_tag","embeddable":true,"href":"https:\/\/primermomento.com\/index.php?rest_route=%2Fwp%2Fv2%2Ftags&post=307203"}],"curies":[{"name":"wp","href":"https:\/\/api.w.org\/{rel}","templated":true}]}}