{"id":307222,"date":"2018-06-13T09:40:58","date_gmt":"2018-06-13T13:40:58","guid":{"rendered":"http:\/\/primermomento.com\/?p=307222"},"modified":"2018-06-13T16:42:44","modified_gmt":"2018-06-13T20:42:44","slug":"suben-en-eeuu-tasas-de-interes-a-rango-de-175-a-dos-por-ciento","status":"publish","type":"post","link":"https:\/\/primermomento.com\/?p=307222","title":{"rendered":"Suben en EEUU tasas de inter\u00e9s a rango de 1,75 a dos por ciento"},"content":{"rendered":"<div class=\"fullNewsIntrotext\">WASHINGTON, Distrito de Columbia.- La Reserva Federal estadounidense (Fed) increment\u00f3 hoy las tasas de inter\u00e9s a un rango de 1,75 a dos por ciento tras las discusiones en una reuni\u00f3n de dos d\u00edas sobre pol\u00edtica monetaria.<\/div>\n<div><\/div>\n<div class=\"fullNewsFulltext\">\n<figure id=\"attachment_286502\" aria-describedby=\"caption-attachment-286502\" style=\"width: 300px\" class=\"wp-caption alignright\"><img loading=\"lazy\" decoding=\"async\" class=\"size-medium wp-image-286502\" src=\"http:\/\/primermomento.com\/wp-content\/uploads\/2017\/01\/fed-y-tasas-300x169.jpg\" alt=\"\" width=\"300\" height=\"169\" srcset=\"https:\/\/primermomento.com\/wp-content\/uploads\/2017\/01\/fed-y-tasas-300x169.jpg 300w, https:\/\/primermomento.com\/wp-content\/uploads\/2017\/01\/fed-y-tasas-768x432.jpg 768w, https:\/\/primermomento.com\/wp-content\/uploads\/2017\/01\/fed-y-tasas-478x270.jpg 478w, https:\/\/primermomento.com\/wp-content\/uploads\/2017\/01\/fed-y-tasas-500x281.jpg 500w, https:\/\/primermomento.com\/wp-content\/uploads\/2017\/01\/fed-y-tasas-280x157.jpg 280w, https:\/\/primermomento.com\/wp-content\/uploads\/2017\/01\/fed-y-tasas-638x359.jpg 638w, https:\/\/primermomento.com\/wp-content\/uploads\/2017\/01\/fed-y-tasas-118x66.jpg 118w, https:\/\/primermomento.com\/wp-content\/uploads\/2017\/01\/fed-y-tasas-479x269.jpg 479w, https:\/\/primermomento.com\/wp-content\/uploads\/2017\/01\/fed-y-tasas.jpg 987w\" sizes=\"auto, (max-width: 300px) 100vw, 300px\" \/><figcaption id=\"caption-attachment-286502\" class=\"wp-caption-text\">El edificio de la Reserva Federal en Washington es sede de la reuni\u00f3n de los que elaboran la pol\u00edtica momentaria de EE.UU. Foto | Reuters<\/figcaption><\/figure>\n<p>Este esperado ascenso, de un cuarto de unidad porcentual con respecto al indicador anterior, resulta el segundo de los ahora cuatro previstos por la entidad bancaria para el presente a\u00f1o.<\/p>\n<p>Seg\u00fan un comunicado del Comit\u00e9 Federal de Mercado Abierto, que fija las cuotas, el mercado laboral se ha seguido fortaleciendo y la actividad econ\u00f3mica ha crecido a un ritmo s\u00f3lido.<\/p>\n<p>Al mismo tiempo, agreg\u00f3 el texto, el gasto de los hogares ha repuntado, y la inversi\u00f3n fija de las empresas ha continuado subiendo con fuerza.<\/p>\n<p>Por otra parte, la Fed situ\u00f3 las previsiones de crecimiento econ\u00f3mico este a\u00f1o en 2,8 por ciento, una d\u00e9cima superior al c\u00e1lculo de marzo, cuando aument\u00f3 las referidas tasas.<\/p>\n<p>Tambi\u00e9n ubic\u00f3 la inflaci\u00f3n en 2,1 por ciento para sobrepasar el vaticinio de tres meses atr\u00e1s de 1,9 por ciento.<\/p>\n<p>El \u00edndice de desempleo, estim\u00f3, seguir\u00e1 en niveles cercanos a la plena ocupaci\u00f3n, con 3,6 por ciento para finales de 2018, y 3,5 por ciento en 2019.<\/p>\n<p>Antes del ascenso de marzo, el Banco Central hab\u00eda subido su tasa de inter\u00e9s referencial en un cuarto de punto cinco veces desde diciembre de 2015.<\/p>\n<p>Previo a esa \u00faltima fecha la mantuvo casi en cero durante siete a\u00f1os como parte de un esfuerzo por ayudar a Estados Unidos a recuperarse de la peor recesi\u00f3n desde la d\u00e9cada del 1930 de la pasada centuria.<\/p><\/div>\n<div><\/div>\n<div style=\"text-align: right;\"><span style=\"color: #ff0000;\"><em>PL<\/em><\/span><\/div>\n","protected":false},"excerpt":{"rendered":"<p>WASHINGTON, Distrito de Columbia.- La Reserva Federal estadounidense (Fed) increment\u00f3 hoy las tasas de inter\u00e9s a un rango de 1,75 a dos por ciento tras las discusiones en una reuni\u00f3n de dos d\u00edas sobre pol\u00edtica monetaria. Este esperado ascenso, de un cuarto de unidad porcentual con respecto al indicador anterior, resulta el segundo de los [&hellip;]<\/p>\n","protected":false},"author":1,"featured_media":0,"comment_status":"open","ping_status":"open","sticky":false,"template":"","format":"standard","meta":{"_bbp_topic_count":0,"_bbp_reply_count":0,"_bbp_total_topic_count":0,"_bbp_total_reply_count":0,"_bbp_voice_count":0,"_bbp_anonymous_reply_count":0,"_bbp_topic_count_hidden":0,"_bbp_reply_count_hidden":0,"_bbp_forum_subforum_count":0,"footnotes":""},"categories":[35,60],"tags":[],"class_list":{"0":"post-307222","1":"post","2":"type-post","3":"status-publish","4":"format-standard","6":"category-economia","7":"category-titulares-del-dia"},"_links":{"self":[{"href":"https:\/\/primermomento.com\/index.php?rest_route=\/wp\/v2\/posts\/307222","targetHints":{"allow":["GET"]}}],"collection":[{"href":"https:\/\/primermomento.com\/index.php?rest_route=\/wp\/v2\/posts"}],"about":[{"href":"https:\/\/primermomento.com\/index.php?rest_route=\/wp\/v2\/types\/post"}],"author":[{"embeddable":true,"href":"https:\/\/primermomento.com\/index.php?rest_route=\/wp\/v2\/users\/1"}],"replies":[{"embeddable":true,"href":"https:\/\/primermomento.com\/index.php?rest_route=%2Fwp%2Fv2%2Fcomments&post=307222"}],"version-history":[{"count":1,"href":"https:\/\/primermomento.com\/index.php?rest_route=\/wp\/v2\/posts\/307222\/revisions"}],"predecessor-version":[{"id":307223,"href":"https:\/\/primermomento.com\/index.php?rest_route=\/wp\/v2\/posts\/307222\/revisions\/307223"}],"wp:attachment":[{"href":"https:\/\/primermomento.com\/index.php?rest_route=%2Fwp%2Fv2%2Fmedia&parent=307222"}],"wp:term":[{"taxonomy":"category","embeddable":true,"href":"https:\/\/primermomento.com\/index.php?rest_route=%2Fwp%2Fv2%2Fcategories&post=307222"},{"taxonomy":"post_tag","embeddable":true,"href":"https:\/\/primermomento.com\/index.php?rest_route=%2Fwp%2Fv2%2Ftags&post=307222"}],"curies":[{"name":"wp","href":"https:\/\/api.w.org\/{rel}","templated":true}]}}