{"id":307265,"date":"2018-06-16T20:16:30","date_gmt":"2018-06-17T00:16:30","guid":{"rendered":"http:\/\/primermomento.com\/?p=307265"},"modified":"2018-06-16T20:16:30","modified_gmt":"2018-06-17T00:16:30","slug":"advierten-en-haiti-sobre-brote-de-enfermedades-de-la-piel","status":"publish","type":"post","link":"https:\/\/primermomento.com\/?p=307265","title":{"rendered":"Advierten en Hait\u00ed sobre brote de enfermedades de la piel"},"content":{"rendered":"<div class=\"fullNewsIntrotext\">PUERTO PR\u00cdNCIPE, Hait\u00ed.- La Red Nacional de Derechos Humanos y la Red de Derechos Humanos de Artibonite advirtieron hoy sobre un brote de enfermedades de la piel en Bas-de-Sault, al norte de la capital.<\/div>\n<div><\/div>\n<div class=\"fullNewsFulltext\"><img loading=\"lazy\" decoding=\"async\" class=\"size-medium wp-image-307266 alignright\" src=\"http:\/\/primermomento.com\/wp-content\/uploads\/2018\/06\/enfermedades-piel-300x156.jpg\" alt=\"\" width=\"300\" height=\"156\" srcset=\"https:\/\/primermomento.com\/wp-content\/uploads\/2018\/06\/enfermedades-piel-300x156.jpg 300w, https:\/\/primermomento.com\/wp-content\/uploads\/2018\/06\/enfermedades-piel-768x399.jpg 768w, https:\/\/primermomento.com\/wp-content\/uploads\/2018\/06\/enfermedades-piel-500x260.jpg 500w, https:\/\/primermomento.com\/wp-content\/uploads\/2018\/06\/enfermedades-piel-280x145.jpg 280w, https:\/\/primermomento.com\/wp-content\/uploads\/2018\/06\/enfermedades-piel-638x331.jpg 638w, https:\/\/primermomento.com\/wp-content\/uploads\/2018\/06\/enfermedades-piel-118x61.jpg 118w, https:\/\/primermomento.com\/wp-content\/uploads\/2018\/06\/enfermedades-piel-479x249.jpg 479w, https:\/\/primermomento.com\/wp-content\/uploads\/2018\/06\/enfermedades-piel.jpg 770w\" sizes=\"auto, (max-width: 300px) 100vw, 300px\" \/>&#8216;Esta epidemia de enfermedades de la piel causa estragos en la poblaci\u00f3n de Garde S\u00e9v\u00c3\u00bfre&#8217;, se\u00f1al\u00f3 un reciente informe de ambas organizaciones.<\/p>\n<p>Asimismo apunta que el flagelo afecta principalmente a mujeres y ni\u00f1os, y puede producir erupciones cut\u00e1neas, picaz\u00f3n e infecciones vaginales.<\/p>\n<p>Durante el a\u00f1o 2018, la epidemia alcanz\u00f3 un nivel aterrador y sin precedentes, asegur\u00f3 el comunicado y a\u00f1adi\u00f3 que casi el 60 por ciento de las ni\u00f1as de la comunidad padecen problemas dermatol\u00f3gicos, mientras que el 75 por ciento de las mujeres embarazadas est\u00e1n afectadas por una infecci\u00f3n vaginal debido al empleo de aguas contaminadas.<\/p>\n<p>De acuerdo con el director m\u00e9dico del Centro de Salud de Saint-Michel de l&#8217;Attalaye, la localidad de Garde S\u00e9v\u00c3\u00bfre ya se hab\u00eda enfrentado a esta situaci\u00f3n devastadora.<\/p>\n<p>En 2008, precis\u00f3, una epidemia de enfermedades contagi\u00f3 a los ni\u00f1os de la comuna, provocada por la descarga de desechos t\u00f3xicos en los r\u00edos.<\/p>\n<p>Despu\u00e9s de ese evento, el ayuntamiento municipal adopt\u00f3 una serie de medidas para proteger el medio ambiente, como la prohibici\u00f3n de tirar desechos en r\u00edos, bordes de las carreteras o espacios de la v\u00eda.<\/p>\n<p>En 2017 una investigaci\u00f3n sobre la insalubridad de los r\u00edos locales analiz\u00f3 a muestra del agua de siete fuentes de los r\u00edos Rivi\u00c3\u00bfre-S\u00e9v\u00c3\u00bfre, seg\u00fan la ONG Action contre la faim.<\/p>\n<p>El reporte indic\u00f3 que el agua de los manantiales est\u00e1 contaminada y contiene grandes mol\u00e9culas de calcio, magnesio y nitrato de amonio.<\/p>\n<p>Las organizaciones de derechos humanos instan a las autoridades estatales a iniciar un estudio para determinar las causas y consecuencias de esta epidemia que por a\u00f1os ha afectado la comuna de Garde-S\u00e9v\u00c3\u00bfre en Artibonite.<\/p>\n<p>De igual manera, exigen la implementaci\u00f3n del decreto comunal del 16 de octubre de 2009, cuyo objetivo es la protecci\u00f3n medioambiental.<\/p><\/div>\n<div><\/div>\n<div style=\"text-align: right;\"><span style=\"color: #ff0000;\"><em>PL<\/em><\/span><\/div>\n<div><\/div>\n","protected":false},"excerpt":{"rendered":"<p>PUERTO PR\u00cdNCIPE, Hait\u00ed.- La Red Nacional de Derechos Humanos y la Red de Derechos Humanos de Artibonite advirtieron hoy sobre un brote de enfermedades de la piel en Bas-de-Sault, al norte de la capital. &#8216;Esta epidemia de enfermedades de la piel causa estragos en la poblaci\u00f3n de Garde S\u00e9v\u00c3\u00bfre&#8217;, se\u00f1al\u00f3 un reciente informe de ambas [&hellip;]<\/p>\n","protected":false},"author":1,"featured_media":0,"comment_status":"open","ping_status":"open","sticky":false,"template":"","format":"standard","meta":{"_bbp_topic_count":0,"_bbp_reply_count":0,"_bbp_total_topic_count":0,"_bbp_total_reply_count":0,"_bbp_voice_count":0,"_bbp_anonymous_reply_count":0,"_bbp_topic_count_hidden":0,"_bbp_reply_count_hidden":0,"_bbp_forum_subforum_count":0,"footnotes":""},"categories":[60,36],"tags":[],"class_list":{"0":"post-307265","1":"post","2":"type-post","3":"status-publish","4":"format-standard","6":"category-titulares-del-dia","7":"category-salud"},"_links":{"self":[{"href":"https:\/\/primermomento.com\/index.php?rest_route=\/wp\/v2\/posts\/307265","targetHints":{"allow":["GET"]}}],"collection":[{"href":"https:\/\/primermomento.com\/index.php?rest_route=\/wp\/v2\/posts"}],"about":[{"href":"https:\/\/primermomento.com\/index.php?rest_route=\/wp\/v2\/types\/post"}],"author":[{"embeddable":true,"href":"https:\/\/primermomento.com\/index.php?rest_route=\/wp\/v2\/users\/1"}],"replies":[{"embeddable":true,"href":"https:\/\/primermomento.com\/index.php?rest_route=%2Fwp%2Fv2%2Fcomments&post=307265"}],"version-history":[{"count":1,"href":"https:\/\/primermomento.com\/index.php?rest_route=\/wp\/v2\/posts\/307265\/revisions"}],"predecessor-version":[{"id":307267,"href":"https:\/\/primermomento.com\/index.php?rest_route=\/wp\/v2\/posts\/307265\/revisions\/307267"}],"wp:attachment":[{"href":"https:\/\/primermomento.com\/index.php?rest_route=%2Fwp%2Fv2%2Fmedia&parent=307265"}],"wp:term":[{"taxonomy":"category","embeddable":true,"href":"https:\/\/primermomento.com\/index.php?rest_route=%2Fwp%2Fv2%2Fcategories&post=307265"},{"taxonomy":"post_tag","embeddable":true,"href":"https:\/\/primermomento.com\/index.php?rest_route=%2Fwp%2Fv2%2Ftags&post=307265"}],"curies":[{"name":"wp","href":"https:\/\/api.w.org\/{rel}","templated":true}]}}