{"id":307563,"date":"2018-06-26T11:02:49","date_gmt":"2018-06-26T15:02:49","guid":{"rendered":"http:\/\/primermomento.com\/?p=307563"},"modified":"2018-06-26T21:05:15","modified_gmt":"2018-06-27T01:05:15","slug":"empresas-quieren-limitar-poder-de-trump-de-imponer-tarifas","status":"publish","type":"post","link":"https:\/\/primermomento.com\/?p=307563","title":{"rendered":"Empresas quieren limitar poder de Trump de imponer tarifas"},"content":{"rendered":"<div class=\"fullNewsIntrotext\">WASHINGTON, Distrito de Columbia.- Una gran coalici\u00f3n de grupos empresariales estadounidenses pidi\u00f3 hoy a los senadores apoyar un proyecto de ley destinado a intensificar la supervisi\u00f3n del Congreso sobre los planes del presidente, Donald Trump, de imponer tarifas comerciales.<\/div>\n<div><\/div>\n<div class=\"fullNewsFulltext\">\n<figure id=\"attachment_307564\" aria-describedby=\"caption-attachment-307564\" style=\"width: 300px\" class=\"wp-caption alignleft\"><img loading=\"lazy\" decoding=\"async\" class=\"size-medium wp-image-307564\" src=\"http:\/\/primermomento.com\/wp-content\/uploads\/2018\/06\/Robert-Corker-300x200.jpg\" alt=\"\" width=\"300\" height=\"200\" srcset=\"https:\/\/primermomento.com\/wp-content\/uploads\/2018\/06\/Robert-Corker-300x200.jpg 300w, https:\/\/primermomento.com\/wp-content\/uploads\/2018\/06\/Robert-Corker-768x511.jpg 768w, https:\/\/primermomento.com\/wp-content\/uploads\/2018\/06\/Robert-Corker-1024x681.jpg 1024w, https:\/\/primermomento.com\/wp-content\/uploads\/2018\/06\/Robert-Corker-73x50.jpg 73w, https:\/\/primermomento.com\/wp-content\/uploads\/2018\/06\/Robert-Corker-500x333.jpg 500w, https:\/\/primermomento.com\/wp-content\/uploads\/2018\/06\/Robert-Corker-280x186.jpg 280w, https:\/\/primermomento.com\/wp-content\/uploads\/2018\/06\/Robert-Corker-60x40.jpg 60w, https:\/\/primermomento.com\/wp-content\/uploads\/2018\/06\/Robert-Corker-638x425.jpg 638w, https:\/\/primermomento.com\/wp-content\/uploads\/2018\/06\/Robert-Corker-118x79.jpg 118w, https:\/\/primermomento.com\/wp-content\/uploads\/2018\/06\/Robert-Corker-479x319.jpg 479w, https:\/\/primermomento.com\/wp-content\/uploads\/2018\/06\/Robert-Corker.jpg 1536w\" sizes=\"auto, (max-width: 300px) 100vw, 300px\" \/><figcaption id=\"caption-attachment-307564\" class=\"wp-caption-text\">Bob Corker.<\/figcaption><\/figure>\n<p>En total, suman 273 las organizaciones nacionales, estatales y locales que expresaron su apoyo a la legislaci\u00f3n encabezada por el senador republicano Bob Corker, la cual requerir\u00eda que el mandatario presente al Congreso las propuestas arancelarias que quiera aplicar bajo el argumento de amenazas a la seguridad nacional.<\/p>\n<p>Las comunidades de negocios y agricultura de Estados Unidos est\u00e1n profundamente preocupadas de que el uso irrestricto del presidente de la secci\u00f3n 232 para avalar aranceles no sea de inter\u00e9s nacional, se\u00f1alaron esas entidades en una misiva dirigida a la C\u00e1mara Alta.<\/p>\n<p>De acuerdo con los firmantes, est\u00e1 cada vez m\u00e1s claro que los aranceles a las importaciones de acero y aluminio aprobados por Trump, incluso para los principales socios comerciales del pa\u00eds, provocar\u00e1n medidas de represalia que tendr\u00e1n un impacto econ\u00f3mico negativo grave.<\/p>\n<p>La coalici\u00f3n, integrada por 51 grupos comerciales nacionales, entre ellos fabricantes de autom\u00f3viles, calzado, cerveza y juguetes, y 222 c\u00e1maras estatales y locales, se\u00f1al\u00f3 que la Constituci\u00f3n le otorga al Capitolio la autoridad para regular el comercio y recaudar impuestos, incluidos los aranceles.<\/p>\n<p>Seg\u00fan el texto, citado por el portal digital The Hill, las circunstancias actuales ponen de relieve la necesidad de que el Congreso garantice que la autoridad se utilizar\u00e1 en el inter\u00e9s nacional general.<\/p>\n<p>La administraci\u00f3n Trump desat\u00f3 lo que algunas fuentes consideran una guerra comercial al anunciar en marzo pasado nuevas tarifas a las importaciones de acero y aluminio, las cuales entraron en vigor el 1 de junio para socios como la Uni\u00f3n Europea (UE) M\u00e9xico y Canad\u00e1, beneficiados antes por exenciones.<\/p>\n<p>A ello se une que Trump confirm\u00f3 el 15 de junio aranceles del 25 por ciento a importaciones de productos chinos por valor de 50 mil millones de d\u00f3lares, para luego amenazar con grav\u00e1menes adicionales a mercanc\u00edas procedentes del gigante asi\u00e1tico por valor de 200 mil millones de d\u00f3lares.<\/p>\n<p>Tambi\u00e9n pidi\u00f3 una investigaci\u00f3n acerca de si se necesita un arancel del 25 por ciento para las compras de autom\u00f3viles y autopartes provenientes de la UE, tambi\u00e9n con la justificaci\u00f3n de la seguridad nacional.<\/p>\n<p>Como represalia, tanto China como el bloque comunitario, adem\u00e1s de M\u00e9xico y Canad\u00e1, anunciaron medidas rec\u00edprocas, algunas de las cuales deben entrar en vigor en la primera semana de julio y preocupan a las empresas norteamericanas.<\/p><\/div>\n<div><\/div>\n<div style=\"text-align: right;\"><span style=\"color: #ff0000;\"><em>PL<\/em><\/span><\/div>\n","protected":false},"excerpt":{"rendered":"<p>WASHINGTON, Distrito de Columbia.- Una gran coalici\u00f3n de grupos empresariales estadounidenses pidi\u00f3 hoy a los senadores apoyar un proyecto de ley destinado a intensificar la supervisi\u00f3n del Congreso sobre los planes del presidente, Donald Trump, de imponer tarifas comerciales. En total, suman 273 las organizaciones nacionales, estatales y locales que expresaron su apoyo a la [&hellip;]<\/p>\n","protected":false},"author":1,"featured_media":0,"comment_status":"open","ping_status":"open","sticky":false,"template":"","format":"standard","meta":{"_bbp_topic_count":0,"_bbp_reply_count":0,"_bbp_total_topic_count":0,"_bbp_total_reply_count":0,"_bbp_voice_count":0,"_bbp_anonymous_reply_count":0,"_bbp_topic_count_hidden":0,"_bbp_reply_count_hidden":0,"_bbp_forum_subforum_count":0,"footnotes":""},"categories":[35,60],"tags":[],"class_list":{"0":"post-307563","1":"post","2":"type-post","3":"status-publish","4":"format-standard","6":"category-economia","7":"category-titulares-del-dia"},"_links":{"self":[{"href":"https:\/\/primermomento.com\/index.php?rest_route=\/wp\/v2\/posts\/307563","targetHints":{"allow":["GET"]}}],"collection":[{"href":"https:\/\/primermomento.com\/index.php?rest_route=\/wp\/v2\/posts"}],"about":[{"href":"https:\/\/primermomento.com\/index.php?rest_route=\/wp\/v2\/types\/post"}],"author":[{"embeddable":true,"href":"https:\/\/primermomento.com\/index.php?rest_route=\/wp\/v2\/users\/1"}],"replies":[{"embeddable":true,"href":"https:\/\/primermomento.com\/index.php?rest_route=%2Fwp%2Fv2%2Fcomments&post=307563"}],"version-history":[{"count":1,"href":"https:\/\/primermomento.com\/index.php?rest_route=\/wp\/v2\/posts\/307563\/revisions"}],"predecessor-version":[{"id":307565,"href":"https:\/\/primermomento.com\/index.php?rest_route=\/wp\/v2\/posts\/307563\/revisions\/307565"}],"wp:attachment":[{"href":"https:\/\/primermomento.com\/index.php?rest_route=%2Fwp%2Fv2%2Fmedia&parent=307563"}],"wp:term":[{"taxonomy":"category","embeddable":true,"href":"https:\/\/primermomento.com\/index.php?rest_route=%2Fwp%2Fv2%2Fcategories&post=307563"},{"taxonomy":"post_tag","embeddable":true,"href":"https:\/\/primermomento.com\/index.php?rest_route=%2Fwp%2Fv2%2Ftags&post=307563"}],"curies":[{"name":"wp","href":"https:\/\/api.w.org\/{rel}","templated":true}]}}