{"id":307566,"date":"2018-06-26T12:05:26","date_gmt":"2018-06-26T16:05:26","guid":{"rendered":"http:\/\/primermomento.com\/?p=307566"},"modified":"2018-06-26T21:07:24","modified_gmt":"2018-06-27T01:07:24","slug":"corte-suprema-de-eeuu-falla-contra-ley-favorable-al-aborto","status":"publish","type":"post","link":"https:\/\/primermomento.com\/?p=307566","title":{"rendered":"Corte Suprema de EEUU falla contra ley favorable al aborto"},"content":{"rendered":"<div class=\"fullNewsIntrotext\">WASHINGTON, Distrito de Columbia.- Los opositores a la interrupci\u00f3n del embarazo en Estados Unidos recibieron hoy un espaldarazo con el fallo de la Corte Suprema de Justicia en contra de una ley de California sobre esa pr\u00e1ctica.<\/div>\n<div><\/div>\n<div class=\"fullNewsFulltext\">\n<figure id=\"attachment_277945\" aria-describedby=\"caption-attachment-277945\" style=\"width: 300px\" class=\"wp-caption alignright\"><img loading=\"lazy\" decoding=\"async\" class=\"size-medium wp-image-277945\" src=\"http:\/\/primermomento.com\/wp-content\/uploads\/2016\/06\/protestas-aborto-300x169.jpg\" alt=\"\" width=\"300\" height=\"169\" srcset=\"https:\/\/primermomento.com\/wp-content\/uploads\/2016\/06\/protestas-aborto-300x169.jpg 300w, https:\/\/primermomento.com\/wp-content\/uploads\/2016\/06\/protestas-aborto-768x432.jpg 768w, https:\/\/primermomento.com\/wp-content\/uploads\/2016\/06\/protestas-aborto-478x270.jpg 478w, https:\/\/primermomento.com\/wp-content\/uploads\/2016\/06\/protestas-aborto-500x281.jpg 500w, https:\/\/primermomento.com\/wp-content\/uploads\/2016\/06\/protestas-aborto-280x157.jpg 280w, https:\/\/primermomento.com\/wp-content\/uploads\/2016\/06\/protestas-aborto-638x359.jpg 638w, https:\/\/primermomento.com\/wp-content\/uploads\/2016\/06\/protestas-aborto-118x66.jpg 118w, https:\/\/primermomento.com\/wp-content\/uploads\/2016\/06\/protestas-aborto-479x269.jpg 479w, https:\/\/primermomento.com\/wp-content\/uploads\/2016\/06\/protestas-aborto.jpg 987w\" sizes=\"auto, (max-width: 300px) 100vw, 300px\" \/><figcaption id=\"caption-attachment-277945\" class=\"wp-caption-text\">Una manifestaci\u00f3n a favor de la vida y en contra del aborto frente a la Corte Suprema de Justicia.<\/figcaption><\/figure>\n<p>El m\u00e1ximo tribunal determin\u00f3 con cinco votos a favor y cuatro en contra que la legislaci\u00f3n de dicho estado que impone a los centros antiaborto informar a las embarazadas de la posibilidad de realizarse el procedimiento en otro lugar resulta ilegal.<\/p>\n<p>Denominados militantes &#8216;Pro Vida&#8217;, contrarios al derecho femenino de terminar la gestaci\u00f3n en sus instantes iniciales, denunciaron en marzo pasado la referida norma, de 2015 e inspiraci\u00f3n dem\u00f3crata.<\/p>\n<p>Por otra parte, dichos sitios, privados y mayormente bajo la administraci\u00f3n de conservadores, son acusados de hacer creer a las mujeres que pueden disponer all\u00ed de varias opciones m\u00e9dicas con el fin de convencerlas de no abortar.<\/p>\n<p>La rechazada ley tambi\u00e9n pretend\u00eda que las &#8216;falsas cl\u00ednicas&#8217;, como las llaman sus cr\u00edticos, comunicaran a las f\u00e9minas que pod\u00edan disponer de m\u00e9todos anticonceptivos de manera gratuita o a precio reducido en otros lugares subvencionados por el estado.<\/p><\/div>\n<div><\/div>\n<div style=\"text-align: right;\"><span style=\"color: #ff0000;\"><em>PL<\/em><\/span><\/div>\n","protected":false},"excerpt":{"rendered":"<p>WASHINGTON, Distrito de Columbia.- Los opositores a la interrupci\u00f3n del embarazo en Estados Unidos recibieron hoy un espaldarazo con el fallo de la Corte Suprema de Justicia en contra de una ley de California sobre esa pr\u00e1ctica. El m\u00e1ximo tribunal determin\u00f3 con cinco votos a favor y cuatro en contra que la legislaci\u00f3n de dicho [&hellip;]<\/p>\n","protected":false},"author":1,"featured_media":0,"comment_status":"open","ping_status":"open","sticky":false,"template":"","format":"standard","meta":{"_bbp_topic_count":0,"_bbp_reply_count":0,"_bbp_total_topic_count":0,"_bbp_total_reply_count":0,"_bbp_voice_count":0,"_bbp_anonymous_reply_count":0,"_bbp_topic_count_hidden":0,"_bbp_reply_count_hidden":0,"_bbp_forum_subforum_count":0,"footnotes":""},"categories":[60,36],"tags":[],"class_list":{"0":"post-307566","1":"post","2":"type-post","3":"status-publish","4":"format-standard","6":"category-titulares-del-dia","7":"category-salud"},"_links":{"self":[{"href":"https:\/\/primermomento.com\/index.php?rest_route=\/wp\/v2\/posts\/307566","targetHints":{"allow":["GET"]}}],"collection":[{"href":"https:\/\/primermomento.com\/index.php?rest_route=\/wp\/v2\/posts"}],"about":[{"href":"https:\/\/primermomento.com\/index.php?rest_route=\/wp\/v2\/types\/post"}],"author":[{"embeddable":true,"href":"https:\/\/primermomento.com\/index.php?rest_route=\/wp\/v2\/users\/1"}],"replies":[{"embeddable":true,"href":"https:\/\/primermomento.com\/index.php?rest_route=%2Fwp%2Fv2%2Fcomments&post=307566"}],"version-history":[{"count":1,"href":"https:\/\/primermomento.com\/index.php?rest_route=\/wp\/v2\/posts\/307566\/revisions"}],"predecessor-version":[{"id":307567,"href":"https:\/\/primermomento.com\/index.php?rest_route=\/wp\/v2\/posts\/307566\/revisions\/307567"}],"wp:attachment":[{"href":"https:\/\/primermomento.com\/index.php?rest_route=%2Fwp%2Fv2%2Fmedia&parent=307566"}],"wp:term":[{"taxonomy":"category","embeddable":true,"href":"https:\/\/primermomento.com\/index.php?rest_route=%2Fwp%2Fv2%2Fcategories&post=307566"},{"taxonomy":"post_tag","embeddable":true,"href":"https:\/\/primermomento.com\/index.php?rest_route=%2Fwp%2Fv2%2Ftags&post=307566"}],"curies":[{"name":"wp","href":"https:\/\/api.w.org\/{rel}","templated":true}]}}