{"id":307747,"date":"2018-07-04T17:35:21","date_gmt":"2018-07-04T21:35:21","guid":{"rendered":"http:\/\/primermomento.com\/?p=307747"},"modified":"2018-07-04T21:39:15","modified_gmt":"2018-07-05T01:39:15","slug":"nestle-invierte-10-millones-de-dolares-en-el-pais","status":"publish","type":"post","link":"https:\/\/primermomento.com\/?p=307747","title":{"rendered":"Nestl\u00e9 invierte 10 millones de d\u00f3lares en el pa\u00eds"},"content":{"rendered":"<div class=\"fullNewsIntrotext\">SANTO DOMINGO, Rep\u00fablica Dominicana.- El presidente dominicano, Danilo Medina, asisti\u00f3 hoy a la inauguraci\u00f3n de una nueva l\u00ednea de producci\u00f3n l\u00e1ctea de envases flexibles de Nestl\u00e9 que se ejecut\u00f3 a un costo de 10 millones de d\u00f3lares.<\/div>\n<div><\/div>\n<div class=\"fullNewsFulltext\">\n<figure id=\"attachment_307748\" aria-describedby=\"caption-attachment-307748\" style=\"width: 300px\" class=\"wp-caption alignleft\"><img loading=\"lazy\" decoding=\"async\" class=\"size-medium wp-image-307748\" src=\"http:\/\/primermomento.com\/wp-content\/uploads\/2018\/07\/acto-Nestle-300x169.jpg\" alt=\"\" width=\"300\" height=\"169\" srcset=\"https:\/\/primermomento.com\/wp-content\/uploads\/2018\/07\/acto-Nestle-300x169.jpg 300w, https:\/\/primermomento.com\/wp-content\/uploads\/2018\/07\/acto-Nestle-768x432.jpg 768w, https:\/\/primermomento.com\/wp-content\/uploads\/2018\/07\/acto-Nestle-478x270.jpg 478w, https:\/\/primermomento.com\/wp-content\/uploads\/2018\/07\/acto-Nestle-500x281.jpg 500w, https:\/\/primermomento.com\/wp-content\/uploads\/2018\/07\/acto-Nestle-280x157.jpg 280w, https:\/\/primermomento.com\/wp-content\/uploads\/2018\/07\/acto-Nestle-638x359.jpg 638w, https:\/\/primermomento.com\/wp-content\/uploads\/2018\/07\/acto-Nestle-118x66.jpg 118w, https:\/\/primermomento.com\/wp-content\/uploads\/2018\/07\/acto-Nestle-479x269.jpg 479w, https:\/\/primermomento.com\/wp-content\/uploads\/2018\/07\/acto-Nestle.jpg 777w\" sizes=\"auto, (max-width: 300px) 100vw, 300px\" \/><figcaption id=\"caption-attachment-307748\" class=\"wp-caption-text\">El acto donde se anunci\u00f3 la inversi\u00f3n de Nestl\u00e9 Dominicana cont\u00f3 con la presencia del Presidente Danilo Medina.<\/figcaption><\/figure>\n<p>Las instalaciones, ubicadas en San Francisco de Macor\u00eds, provincia de Duarte, forman parte de un plan de expansi\u00f3n previsto por la mencionada empresa, la cual producir\u00e1 12 mil envases por hora bajo los m\u00e1s exigentes est\u00e1ndares de calidad e inocuidad alimentaria.<\/p>\n<p>El presidente ejecutivo de Nestl\u00e9 Dominicana, Alexandre Carreteiro, manifest\u00f3 durante la inauguraci\u00f3n que su compa\u00f1\u00eda, que aporta 830 empleos directos y seis mil indirectos en esta naci\u00f3n, tiene confianza en el presente y futuro de Rep\u00fablica Dominicana.<\/p>\n<p>Asimismo, el director general de Nestl\u00e9 para la zona de las Am\u00e9ricas, Laurent Freixe, destac\u00f3 c\u00f3mo este pa\u00eds cuenta con un fuerte crecimiento y consider\u00f3 que esta inversi\u00f3n permitir\u00e1 un potencial mayor para este territorio, as\u00ed como para Cuba y Hait\u00ed.<\/p>\n<p>Por \u00faltimo, el embajador de Suiza en Dominicana, Urs Schnider, se mostr\u00f3 satisfecho por la apertura de esta nueva l\u00ednea y destac\u00f3 los esfuerzos del gobierno dirigidos a agilizar los registros sanitarios y la seguridad jur\u00eddica para acelerar la inversi\u00f3n extranjera.<\/p><\/div>\n<div><\/div>\n<div style=\"text-align: right;\"><span style=\"color: #ff0000;\"><em>PL<\/em><\/span><\/div>\n","protected":false},"excerpt":{"rendered":"<p>SANTO DOMINGO, Rep\u00fablica Dominicana.- El presidente dominicano, Danilo Medina, asisti\u00f3 hoy a la inauguraci\u00f3n de una nueva l\u00ednea de producci\u00f3n l\u00e1ctea de envases flexibles de Nestl\u00e9 que se ejecut\u00f3 a un costo de 10 millones de d\u00f3lares. Las instalaciones, ubicadas en San Francisco de Macor\u00eds, provincia de Duarte, forman parte de un plan de expansi\u00f3n [&hellip;]<\/p>\n","protected":false},"author":1,"featured_media":0,"comment_status":"open","ping_status":"open","sticky":false,"template":"","format":"standard","meta":{"_bbp_topic_count":0,"_bbp_reply_count":0,"_bbp_total_topic_count":0,"_bbp_total_reply_count":0,"_bbp_voice_count":0,"_bbp_anonymous_reply_count":0,"_bbp_topic_count_hidden":0,"_bbp_reply_count_hidden":0,"_bbp_forum_subforum_count":0,"footnotes":""},"categories":[35,60],"tags":[],"class_list":{"0":"post-307747","1":"post","2":"type-post","3":"status-publish","4":"format-standard","6":"category-economia","7":"category-titulares-del-dia"},"_links":{"self":[{"href":"https:\/\/primermomento.com\/index.php?rest_route=\/wp\/v2\/posts\/307747","targetHints":{"allow":["GET"]}}],"collection":[{"href":"https:\/\/primermomento.com\/index.php?rest_route=\/wp\/v2\/posts"}],"about":[{"href":"https:\/\/primermomento.com\/index.php?rest_route=\/wp\/v2\/types\/post"}],"author":[{"embeddable":true,"href":"https:\/\/primermomento.com\/index.php?rest_route=\/wp\/v2\/users\/1"}],"replies":[{"embeddable":true,"href":"https:\/\/primermomento.com\/index.php?rest_route=%2Fwp%2Fv2%2Fcomments&post=307747"}],"version-history":[{"count":1,"href":"https:\/\/primermomento.com\/index.php?rest_route=\/wp\/v2\/posts\/307747\/revisions"}],"predecessor-version":[{"id":307749,"href":"https:\/\/primermomento.com\/index.php?rest_route=\/wp\/v2\/posts\/307747\/revisions\/307749"}],"wp:attachment":[{"href":"https:\/\/primermomento.com\/index.php?rest_route=%2Fwp%2Fv2%2Fmedia&parent=307747"}],"wp:term":[{"taxonomy":"category","embeddable":true,"href":"https:\/\/primermomento.com\/index.php?rest_route=%2Fwp%2Fv2%2Fcategories&post=307747"},{"taxonomy":"post_tag","embeddable":true,"href":"https:\/\/primermomento.com\/index.php?rest_route=%2Fwp%2Fv2%2Ftags&post=307747"}],"curies":[{"name":"wp","href":"https:\/\/api.w.org\/{rel}","templated":true}]}}