{"id":308135,"date":"2018-07-24T07:40:03","date_gmt":"2018-07-24T11:40:03","guid":{"rendered":"http:\/\/primermomento.com\/?p=308135"},"modified":"2018-07-24T14:43:43","modified_gmt":"2018-07-24T18:43:43","slug":"agropecuarios-panamenos-en-pie-de-guerra-piden-revisar-tlc","status":"publish","type":"post","link":"https:\/\/primermomento.com\/?p=308135","title":{"rendered":"Agropecuarios paname\u00f1os en pie de guerra piden revisar TLC"},"content":{"rendered":"<div class=\"fullNewsIntrotext\">CIUDAD DE PANAM\u00c1, Panam\u00e1.- Abrumados por lo que consideran desatenci\u00f3n oficial al sector, agropecuarios paname\u00f1os mantiene hoy una protesta con espor\u00e1dicos cierres de v\u00edas, para exigir la revisi\u00f3n de los tratados de libre comercio (TLC) y las importaciones perjudiciales.<\/div>\n<div><\/div>\n<div class=\"fullNewsFulltext\"><img loading=\"lazy\" decoding=\"async\" class=\"size-medium wp-image-308136 alignleft\" src=\"http:\/\/primermomento.com\/wp-content\/uploads\/2018\/07\/panama-agropecuarios-protes-300x200.jpg\" alt=\"\" width=\"300\" height=\"200\" srcset=\"https:\/\/primermomento.com\/wp-content\/uploads\/2018\/07\/panama-agropecuarios-protes-300x200.jpg 300w, https:\/\/primermomento.com\/wp-content\/uploads\/2018\/07\/panama-agropecuarios-protes-73x50.jpg 73w, https:\/\/primermomento.com\/wp-content\/uploads\/2018\/07\/panama-agropecuarios-protes-500x333.jpg 500w, https:\/\/primermomento.com\/wp-content\/uploads\/2018\/07\/panama-agropecuarios-protes-280x186.jpg 280w, https:\/\/primermomento.com\/wp-content\/uploads\/2018\/07\/panama-agropecuarios-protes-60x40.jpg 60w, https:\/\/primermomento.com\/wp-content\/uploads\/2018\/07\/panama-agropecuarios-protes-638x425.jpg 638w, https:\/\/primermomento.com\/wp-content\/uploads\/2018\/07\/panama-agropecuarios-protes-118x79.jpg 118w, https:\/\/primermomento.com\/wp-content\/uploads\/2018\/07\/panama-agropecuarios-protes-479x319.jpg 479w, https:\/\/primermomento.com\/wp-content\/uploads\/2018\/07\/panama-agropecuarios-protes.jpg 748w\" sizes=\"auto, (max-width: 300px) 100vw, 300px\" \/>Los manifestantes reclaman un di\u00e1logo serio con el gobierno y rechazan las actuaciones de la Autoridad de Protecci\u00f3n y Seguridad de Alimentos (Aupsa), la cual en una tela califican de Autoridad para Ultrajar al Productor y al Sector Agropecuario, y la acusan de priorizar a los productos del exterior sobre los nacionales.<\/p>\n<p>Al mismo tiempo fueron convocados por sus organizaciones para hacer una marcha unida en esta capital, desde la Cinta Costera, en el litoral, hacia el Palacio de las Garzas (presidencial) para presionar una soluci\u00f3n definitiva, tomando en cuenta las afectaciones a las familias del campo.<\/p>\n<p>El director de Aupsa, Yuri Huerta, renunci\u00f3 a su cargo a principios de julio por las acusaciones de los productores, quienes lo se\u00f1alan como principal responsable por extender el permiso de 120 d\u00edas a cebollas holandesas, cuando las reglas sanitarias indican que se deben retirar del mercado una vez pasado ese per\u00edodo.<\/p>\n<p>En la central provincia de Azuero, los ganaderos bloquearon este martes el paso entre las provincias de Herrera y Los Santos, al tiempo que demandaron respuestas de las autoridades a un pliego de demandas entregadas al gobierno, al tiempo que cerraron el tr\u00e1nsito vehicular con caballos e implementos de labranza.<\/p>\n<p>Reclaman que el gobierno baj\u00f3 17 centavos de d\u00f3lares el precio de compra del litro de leche en solo un a\u00f1o, pero no se reflej\u00f3 esa disminuci\u00f3n en el consumidor final, que paga por encima de 1,45 ese volumen.<\/p>\n<p>El exministro de Agricultura Arturo Arango dijo ayer en Telemetro que cada vez que se importan alimentos por valor de mil 600 millones de d\u00f3lares al a\u00f1o, es dinero que sale del pa\u00eds, lo que perjudica seriamente a la econom\u00eda, adem\u00e1s de que destruye al peque\u00f1o empresario.<\/p>\n<p>&#8216;El sector agropecuario est\u00e1 muy deprimido, y no es mentira que el gobierno ha invertido 600 millones en ayudas y subsidios&#8217;, asever\u00f3, pero las importaciones &#8216;nos est\u00e1n ahogando y hay que bajar producci\u00f3n&#8217;, porque &#8216;el mercado lo hemos cedido&#8217;.<\/p>\n<p>Arango, quien desde su cargo el gobierno se pronunci\u00f3 contrario a priorizar las mercanc\u00edas for\u00e1neas sobre las locales, asever\u00f3 que ni un solo TLC ayud\u00f3 a Panam\u00e1, y se\u00f1al\u00f3 que antes de los mismos &#8216;export\u00e1bamos muchos m\u00e1s, e import\u00e1bamos muchos menos&#8217;.<\/p>\n<p>El TLC &#8216;con Estados Unidos ha sido un caos; la creaci\u00f3n de la Aupsa ha acabado con los controles de importaciones de este pa\u00eds&#8217;, asever\u00f3, y a una pregunta opin\u00f3 que en el caso del tratado que se negocia con China, ve mejor voluntad que el estadounidense.<\/p>\n<p>&#8216;Con Estados Unidos nos dijeron esto es as\u00ed, le entregamos una cuota y por ejemplo, estamos obligados a recibir anualmente dos mil 800 toneladas de carne de cerdo sin impuestos, pero no podemos enviar ninguna hacia su mercado&#8217;, afirm\u00f3.<\/p>\n<p>Y concluy\u00f3 sobre la situaci\u00f3n general de la naci\u00f3n con una imagen gr\u00e1fica: &#8216;no es cuesti\u00f3n de hacer una Constituyente, es parar, y virar patas para arriba al pa\u00eds&#8217;.<\/p><\/div>\n<div><\/div>\n<div style=\"text-align: right;\"><span style=\"color: #ff0000;\"><em>PL<\/em><\/span><\/div>\n","protected":false},"excerpt":{"rendered":"<p>CIUDAD DE PANAM\u00c1, Panam\u00e1.- Abrumados por lo que consideran desatenci\u00f3n oficial al sector, agropecuarios paname\u00f1os mantiene hoy una protesta con espor\u00e1dicos cierres de v\u00edas, para exigir la revisi\u00f3n de los tratados de libre comercio (TLC) y las importaciones perjudiciales. Los manifestantes reclaman un di\u00e1logo serio con el gobierno y rechazan las actuaciones de la Autoridad [&hellip;]<\/p>\n","protected":false},"author":1,"featured_media":0,"comment_status":"open","ping_status":"open","sticky":false,"template":"","format":"standard","meta":{"_bbp_topic_count":0,"_bbp_reply_count":0,"_bbp_total_topic_count":0,"_bbp_total_reply_count":0,"_bbp_voice_count":0,"_bbp_anonymous_reply_count":0,"_bbp_topic_count_hidden":0,"_bbp_reply_count_hidden":0,"_bbp_forum_subforum_count":0,"footnotes":""},"categories":[35,60],"tags":[],"class_list":{"0":"post-308135","1":"post","2":"type-post","3":"status-publish","4":"format-standard","6":"category-economia","7":"category-titulares-del-dia"},"_links":{"self":[{"href":"https:\/\/primermomento.com\/index.php?rest_route=\/wp\/v2\/posts\/308135","targetHints":{"allow":["GET"]}}],"collection":[{"href":"https:\/\/primermomento.com\/index.php?rest_route=\/wp\/v2\/posts"}],"about":[{"href":"https:\/\/primermomento.com\/index.php?rest_route=\/wp\/v2\/types\/post"}],"author":[{"embeddable":true,"href":"https:\/\/primermomento.com\/index.php?rest_route=\/wp\/v2\/users\/1"}],"replies":[{"embeddable":true,"href":"https:\/\/primermomento.com\/index.php?rest_route=%2Fwp%2Fv2%2Fcomments&post=308135"}],"version-history":[{"count":1,"href":"https:\/\/primermomento.com\/index.php?rest_route=\/wp\/v2\/posts\/308135\/revisions"}],"predecessor-version":[{"id":308137,"href":"https:\/\/primermomento.com\/index.php?rest_route=\/wp\/v2\/posts\/308135\/revisions\/308137"}],"wp:attachment":[{"href":"https:\/\/primermomento.com\/index.php?rest_route=%2Fwp%2Fv2%2Fmedia&parent=308135"}],"wp:term":[{"taxonomy":"category","embeddable":true,"href":"https:\/\/primermomento.com\/index.php?rest_route=%2Fwp%2Fv2%2Fcategories&post=308135"},{"taxonomy":"post_tag","embeddable":true,"href":"https:\/\/primermomento.com\/index.php?rest_route=%2Fwp%2Fv2%2Ftags&post=308135"}],"curies":[{"name":"wp","href":"https:\/\/api.w.org\/{rel}","templated":true}]}}