{"id":308309,"date":"2018-08-01T07:21:46","date_gmt":"2018-08-01T11:21:46","guid":{"rendered":"http:\/\/primermomento.com\/?p=308309"},"modified":"2018-08-01T07:21:46","modified_gmt":"2018-08-01T11:21:46","slug":"proyecto-de-apartamentos-beneficiara-a-dominicanos-en-ny","status":"publish","type":"post","link":"https:\/\/primermomento.com\/?p=308309","title":{"rendered":"Proyecto de apartamentos beneficiar\u00e1 a dominicanos en NY"},"content":{"rendered":"<p class=\"m_1252027632471193573ydp4f6e9b95MsoNoSpacing\"><span lang=\"ES-US\">NUEVA YORK, Nueva York.- Durante un concurrido acto celebrado ante decenas de l\u00edderes y activistas comunitarios dominicanos, el empresario quisqueyano Carlos G\u00f3mez explic\u00f3 que construir\u00e1 dos torres de 620 apartamentos cada una en el sector Inwood, en el Alto Manhattan, que ser\u00e1n asequible 100 por ciento.<\/span><\/p>\n<p class=\"m_1252027632471193573ydp4f6e9b95MsoNoSpacing\"><span lang=\"ES-US\"><img loading=\"lazy\" decoding=\"async\" class=\"size-medium wp-image-308310 alignleft\" src=\"http:\/\/primermomento.com\/wp-content\/uploads\/2018\/08\/Proyecto-de-apartamentos-Carlos-G\u00f3mez-beneficiar\u00e1n-dominicanos-Alto-Manhattan-300x212.jpg\" alt=\"\" width=\"300\" height=\"212\" srcset=\"https:\/\/primermomento.com\/wp-content\/uploads\/2018\/08\/Proyecto-de-apartamentos-Carlos-G\u00f3mez-beneficiar\u00e1n-dominicanos-Alto-Manhattan-300x212.jpg 300w, https:\/\/primermomento.com\/wp-content\/uploads\/2018\/08\/Proyecto-de-apartamentos-Carlos-G\u00f3mez-beneficiar\u00e1n-dominicanos-Alto-Manhattan-110x77.jpg 110w, https:\/\/primermomento.com\/wp-content\/uploads\/2018\/08\/Proyecto-de-apartamentos-Carlos-G\u00f3mez-beneficiar\u00e1n-dominicanos-Alto-Manhattan-280x198.jpg 280w, https:\/\/primermomento.com\/wp-content\/uploads\/2018\/08\/Proyecto-de-apartamentos-Carlos-G\u00f3mez-beneficiar\u00e1n-dominicanos-Alto-Manhattan-118x83.jpg 118w, https:\/\/primermomento.com\/wp-content\/uploads\/2018\/08\/Proyecto-de-apartamentos-Carlos-G\u00f3mez-beneficiar\u00e1n-dominicanos-Alto-Manhattan.jpg 439w\" sizes=\"auto, (max-width: 300px) 100vw, 300px\" \/>Precis\u00f3 que su proyecto, con una inversi\u00f3n de 300 millones de d\u00f3lares, constar\u00e1 de dos categor\u00edas, un 50 % para personas que ganan menos de 36 mil d\u00f3lares y el otro 50 % para los que devengan 60 mil d\u00f3lares, \u00bfpor qu\u00e9 raz\u00f3n?, porque queremos que se muden profesores, polic\u00edas y los hijos de dominicanos que tengan buenos trabajos, indic\u00f3.<\/span><\/p>\n<p class=\"m_1252027632471193573ydp4f6e9b95MsoNoSpacing\"><span lang=\"ES-US\">Muchos de los presentes comentaron que el empresario quisqueyano ofreci\u00f3 los detalles de su proyecto con transparencia a la comunidad y ahora sabemos como ser\u00e1 para aplicar en base a nuestros ingresos.\u00a0\u00a0El ingreso promedio de los residentes del sector de Inwood oscila entre los 39 y 41 mil d\u00f3lares.<\/span><\/p>\n<p class=\"m_1252027632471193573ydp4f6e9b95MsoNoSpacing\"><span lang=\"ES-US\">A G\u00f3mez se le pregunt\u00f3 que si los otros<\/span><span lang=\"ES-US\">\u00a0promotores inmobiliarios que construir\u00e1n grandes edificios residenciales y comerciales en un \u00e1rea de 59 cuadras implementar\u00e1n esa misma pol\u00edtica, contest\u00f3 desconocerlo y que \u00e9l solo habla de su proyecto.<\/span><\/p>\n<p class=\"m_1252027632471193573ydp4f6e9b95MsoNoSpacing\"><span lang=\"ES-US\">A\u00f1adi\u00f3 que primero se construir\u00e1 una en el \u201cparqueo de los camiones\u201d, ubicado en la calle 207 con la novena avenida, en la cabecera del puente, y las personas que van a trabajar en dichos proyectos ser\u00e1n de la comunidad, muchos de los materiales a usar se comprar\u00e1n en las ferreter\u00edas y otros negocios del vecindario.<\/span><\/p>\n<p class=\"m_1252027632471193573ydp4f6e9b95MsoNoSpacing\"><span lang=\"ES-US\">Expres\u00f3 que le preocupa mucho el asunto de las viviendas en el \u00e1rea, porque hay demasiados intereses y el 95 % de los due\u00f1os de edificios, lamentablemente \u00a0no son latinos, ni dominicanos, pertenecen a otra nacionalidad y son los primeros que no quieren\u00a0 que esto se d\u00e9, y ustedes deben servir de portavoces de que su proyecto es 100% asequible para personas de bajos recursos, puntualiz\u00f3 G\u00f3mez.<\/span><\/p>\n<p class=\"m_1252027632471193573ydp4f6e9b95MsoNoSpacing\"><span lang=\"ES-US\">Por su parte, el concejal Ydanis Rodr\u00edguez al participar del acto, celebrado el pasado lunes en el restaurant \u201cT\u00edpico Dominicano\u201d, ratific\u00f3 que los apartamentos del empresario ser\u00e1n asequible, present\u00f3 una comisi\u00f3n de empleados de la ciudad que trabajan en el departamento de vivienda, pero no se refiri\u00f3 a los proyectos de los\u00a0<\/span><span lang=\"ES-US\">otros<\/span><span lang=\"ES-US\">\u00a0promotores inmobiliarios.<\/span><\/p>\n<p class=\"m_1252027632471193573ydp4f6e9b95MsoNoSpacing\"><span lang=\"ES-US\">Dijo que una de las condiciones que le ha puesto a la ciudad es un por ciento (sin decir cantidad)\u00a0 de los subcontratos para la minor\u00eda del vecindario.<\/span><\/p>\n<p class=\"m_1252027632471193573ydp4f6e9b95MsoNoSpacing\"><span lang=\"ES-US\">Luego habl\u00f3 de lo que ha hecho y se propone hacer en la comunidad, entre otras cosa traer un bote recreacional y cultural\u00a0 a la Marina de Dyckman para que la gente no tenga que ir a la calle 23, construcci\u00f3n de una biblioteca nueva donde est\u00e1 la de Broadway, en el piso 33 de una de las torres instalar una galer\u00eda para que vayan los pintores y los residentes puedan subir a contemplar el puente George Washington.<\/span><\/p>\n<p class=\"m_1252027632471193573ydp4f6e9b95MsoNoSpacing\"><span lang=\"ES-US\">A\u00f1adi\u00f3 que la educaci\u00f3n en su distrito debe reorganizarse para que sea rob\u00f3tica y de tecnolog\u00eda, la construcci\u00f3n del parqueo p\u00fablico en la calle 207 e instalar el primer centro de la naci\u00f3n de investigaci\u00f3n y celebraci\u00f3n sobre las construcciones de los inmigrantes, en todo eso es que estamos trabajando, manifest\u00f3.<\/span><\/p>\n<p class=\"m_1252027632471193573ydp4f6e9b95MsoNoSpacing\"><span lang=\"ES-US\">Hizo un llamado a los empresarios dominicanos para que inviertan\u00a0 en estos proyectos de desarrollo y toquen la puerta para los subcontratos y participen.\u00a0<\/span><\/p>\n<p class=\"m_1252027632471193573ydp4f6e9b95MsoNoSpacing\" style=\"text-align: right;\"><span lang=\"ES-US\" style=\"color: #ff0000;\">\u00a0Ram\u00f3n Mercedes<br \/>\n<\/span><\/p>\n","protected":false},"excerpt":{"rendered":"<p>NUEVA YORK, Nueva York.- Durante un concurrido acto celebrado ante decenas de l\u00edderes y activistas comunitarios dominicanos, el empresario quisqueyano Carlos G\u00f3mez explic\u00f3 que construir\u00e1 dos torres de 620 apartamentos cada una en el sector Inwood, en el Alto Manhattan, que ser\u00e1n asequible 100 por ciento. Precis\u00f3 que su proyecto, con una inversi\u00f3n de 300 [&hellip;]<\/p>\n","protected":false},"author":1,"featured_media":0,"comment_status":"open","ping_status":"open","sticky":false,"template":"","format":"standard","meta":{"_bbp_topic_count":0,"_bbp_reply_count":0,"_bbp_total_topic_count":0,"_bbp_total_reply_count":0,"_bbp_voice_count":0,"_bbp_anonymous_reply_count":0,"_bbp_topic_count_hidden":0,"_bbp_reply_count_hidden":0,"_bbp_forum_subforum_count":0,"footnotes":""},"categories":[35,60],"tags":[],"class_list":{"0":"post-308309","1":"post","2":"type-post","3":"status-publish","4":"format-standard","6":"category-economia","7":"category-titulares-del-dia"},"_links":{"self":[{"href":"https:\/\/primermomento.com\/index.php?rest_route=\/wp\/v2\/posts\/308309","targetHints":{"allow":["GET"]}}],"collection":[{"href":"https:\/\/primermomento.com\/index.php?rest_route=\/wp\/v2\/posts"}],"about":[{"href":"https:\/\/primermomento.com\/index.php?rest_route=\/wp\/v2\/types\/post"}],"author":[{"embeddable":true,"href":"https:\/\/primermomento.com\/index.php?rest_route=\/wp\/v2\/users\/1"}],"replies":[{"embeddable":true,"href":"https:\/\/primermomento.com\/index.php?rest_route=%2Fwp%2Fv2%2Fcomments&post=308309"}],"version-history":[{"count":1,"href":"https:\/\/primermomento.com\/index.php?rest_route=\/wp\/v2\/posts\/308309\/revisions"}],"predecessor-version":[{"id":308311,"href":"https:\/\/primermomento.com\/index.php?rest_route=\/wp\/v2\/posts\/308309\/revisions\/308311"}],"wp:attachment":[{"href":"https:\/\/primermomento.com\/index.php?rest_route=%2Fwp%2Fv2%2Fmedia&parent=308309"}],"wp:term":[{"taxonomy":"category","embeddable":true,"href":"https:\/\/primermomento.com\/index.php?rest_route=%2Fwp%2Fv2%2Fcategories&post=308309"},{"taxonomy":"post_tag","embeddable":true,"href":"https:\/\/primermomento.com\/index.php?rest_route=%2Fwp%2Fv2%2Ftags&post=308309"}],"curies":[{"name":"wp","href":"https:\/\/api.w.org\/{rel}","templated":true}]}}