{"id":308345,"date":"2018-08-01T08:02:09","date_gmt":"2018-08-01T12:02:09","guid":{"rendered":"http:\/\/primermomento.com\/?p=308345"},"modified":"2018-08-01T17:04:07","modified_gmt":"2018-08-01T21:04:07","slug":"lactancia-materna-vital-desde-las-primeras-horas-de-vida","status":"publish","type":"post","link":"https:\/\/primermomento.com\/?p=308345","title":{"rendered":"Lactancia materna, vital desde las primeras horas de vida"},"content":{"rendered":"<div class=\"fullNewsIntrotext\">NACIONES UNIDAS, Naciones Unidas.- Los ni\u00f1os imposibilitados de tomar leche materna en la primera hora de vida tienen m\u00e1s peligro de contraer enfermedades e incluso de morir, alertan hoy reportes de Unicef y la Organizaci\u00f3n Mundial de la Salud (OMS).<\/div>\n<div><\/div>\n<div class=\"fullNewsFulltext\"><img loading=\"lazy\" decoding=\"async\" class=\"size-medium wp-image-308346 alignright\" src=\"http:\/\/primermomento.com\/wp-content\/uploads\/2018\/08\/lactancia-materna-300x200.jpg\" alt=\"\" width=\"300\" height=\"200\" srcset=\"https:\/\/primermomento.com\/wp-content\/uploads\/2018\/08\/lactancia-materna-300x200.jpg 300w, https:\/\/primermomento.com\/wp-content\/uploads\/2018\/08\/lactancia-materna-73x50.jpg 73w, https:\/\/primermomento.com\/wp-content\/uploads\/2018\/08\/lactancia-materna-500x333.jpg 500w, https:\/\/primermomento.com\/wp-content\/uploads\/2018\/08\/lactancia-materna-280x186.jpg 280w, https:\/\/primermomento.com\/wp-content\/uploads\/2018\/08\/lactancia-materna-60x40.jpg 60w, https:\/\/primermomento.com\/wp-content\/uploads\/2018\/08\/lactancia-materna-638x425.jpg 638w, https:\/\/primermomento.com\/wp-content\/uploads\/2018\/08\/lactancia-materna-118x79.jpg 118w, https:\/\/primermomento.com\/wp-content\/uploads\/2018\/08\/lactancia-materna-479x319.jpg 479w, https:\/\/primermomento.com\/wp-content\/uploads\/2018\/08\/lactancia-materna.jpg 748w\" sizes=\"auto, (max-width: 300px) 100vw, 300px\" \/>Cuando se trata de iniciar la lactancia materna, es fundamental hacerlo a tiempo y en muchos pa\u00edses, esto llegar a ser incluso una cuesti\u00f3n de vida o muerte, asegur\u00f3 la directora ejecutiva del Fondo de Naciones Unidas para la Infancia, Henrietta H. Fore.<\/p>\n<p>&#8216;Aun as\u00ed, cada a\u00f1o, millones de reci\u00e9n nacidos se pierden los beneficios de la lactancia materna temprana&#8217;, lament\u00f3.<\/p>\n<p>De acuerdo con investigaciones conjuntas de la Unicef y la OMS recogidas en el reporte Capturar el momento, tres de cada cinco beb\u00e9s (78 millones en todo el mundo), no toman leche materna en la primera hora de vida.<\/p>\n<p>Pero cuanto m\u00e1s tiempo pase sin que el beb\u00e9 sea amamantado, m\u00e1s aumenta el riesgo de contraer enfermedades, resalt\u00f3 el informe.<\/p>\n<p>Seg\u00fan el estudio, las tasas m\u00e1s altas de lactancia materna en la primera hora despu\u00e9s del parto se registran en \u00c1frica Oriental y Meridional (65 por ciento), mientras que las m\u00e1s bajas est\u00e1n en Asia Oriental y el Pac\u00edfico (32 por ciento). En tanto, en Latinoam\u00e9rica alcanza el 52 por ciento.<\/p>\n<p>Pero el reporte no cuenta con datos ni de Norteam\u00e9rica (Estados Unidos y Canad\u00e1), ni de Europa Occidental.<\/p>\n<p>En muchos casos, las madres simplemente no tienen ayuda suficiente para amamantar en esos minutos cruciales posteriores al nacimiento, ni siquiera por parte del personal m\u00e9dico de los centros de salud, alert\u00f3 la directora ejecutiva Unicef.<\/p>\n<p>Aunque pueda parecer algo intuitivo, las mujeres necesitan aprender a colocar y amamantar al beb\u00e9 y es necesario garantizar esas ayudas, ya sea por parte de miembros de la familia, trabajadores de salud, u otros, indic\u00f3 el director general de la OMS, Tedros Adhanom Ghebreyesus.<\/p>\n<p>Sin embargo, la OMS y la Unicef encontraron que las pol\u00edticas nacionales y de los hospitales para apoyar la lactancia en el momento del nacimiento son inadecuadas y la capacitaci\u00f3n del personal sanitario que atiende los partos &#8216;a menudo es insuficiente&#8217;.<\/p>\n<p>Por otra parte, instan a los gobiernos, donantes internacionales y otros responsables de la toma de decisiones a adoptar medidas jur\u00eddicas firmes para restringir la comercializaci\u00f3n de la lecha de f\u00f3rmula y suced\u00e1neos de la leche materna.<\/p>\n<p>Los beb\u00e9s pueden mamar desde el primer momento de su nacimiento pues tienen el reflejo de succi\u00f3n y pueden tragar, se\u00f1alan los especialistas.<\/p>\n<p>El contacto piel con piel les ayuda a regular su temperatura corporal y permite que su cuerpo adquiera bacterias beneficiosas de la piel de la madre, que los protegen de infecciones y ayuda a fortalecer el sistema inmunol\u00f3gico.<\/p>\n<p>Adem\u00e1s, la succi\u00f3n favorece la liberaci\u00f3n de prolactina en la madre, una hormona que estimula la producci\u00f3n de leche. En los primeros d\u00edas, el cuerpo de la mujer produce calostro, que es rico en nutrientes y anticuerpos, y act\u00faa como &#8216;la primera vacuna&#8217; del beb\u00e9.<\/p>\n<p>Para llamar la atenci\u00f3n y crear conciencia sobre este tema, del 1 al 7 de agosto se celebra en m\u00e1s de 170 pa\u00edses la Semana Mundial de la Lactancia Materna.<\/p><\/div>\n<div><\/div>\n<div style=\"text-align: right;\"><span style=\"color: #ff0000;\"><em>PL<\/em><\/span><\/div>\n","protected":false},"excerpt":{"rendered":"<p>NACIONES UNIDAS, Naciones Unidas.- Los ni\u00f1os imposibilitados de tomar leche materna en la primera hora de vida tienen m\u00e1s peligro de contraer enfermedades e incluso de morir, alertan hoy reportes de Unicef y la Organizaci\u00f3n Mundial de la Salud (OMS). Cuando se trata de iniciar la lactancia materna, es fundamental hacerlo a tiempo y en [&hellip;]<\/p>\n","protected":false},"author":1,"featured_media":0,"comment_status":"open","ping_status":"open","sticky":false,"template":"","format":"standard","meta":{"_bbp_topic_count":0,"_bbp_reply_count":0,"_bbp_total_topic_count":0,"_bbp_total_reply_count":0,"_bbp_voice_count":0,"_bbp_anonymous_reply_count":0,"_bbp_topic_count_hidden":0,"_bbp_reply_count_hidden":0,"_bbp_forum_subforum_count":0,"footnotes":""},"categories":[60,36],"tags":[],"class_list":{"0":"post-308345","1":"post","2":"type-post","3":"status-publish","4":"format-standard","6":"category-titulares-del-dia","7":"category-salud"},"_links":{"self":[{"href":"https:\/\/primermomento.com\/index.php?rest_route=\/wp\/v2\/posts\/308345","targetHints":{"allow":["GET"]}}],"collection":[{"href":"https:\/\/primermomento.com\/index.php?rest_route=\/wp\/v2\/posts"}],"about":[{"href":"https:\/\/primermomento.com\/index.php?rest_route=\/wp\/v2\/types\/post"}],"author":[{"embeddable":true,"href":"https:\/\/primermomento.com\/index.php?rest_route=\/wp\/v2\/users\/1"}],"replies":[{"embeddable":true,"href":"https:\/\/primermomento.com\/index.php?rest_route=%2Fwp%2Fv2%2Fcomments&post=308345"}],"version-history":[{"count":1,"href":"https:\/\/primermomento.com\/index.php?rest_route=\/wp\/v2\/posts\/308345\/revisions"}],"predecessor-version":[{"id":308347,"href":"https:\/\/primermomento.com\/index.php?rest_route=\/wp\/v2\/posts\/308345\/revisions\/308347"}],"wp:attachment":[{"href":"https:\/\/primermomento.com\/index.php?rest_route=%2Fwp%2Fv2%2Fmedia&parent=308345"}],"wp:term":[{"taxonomy":"category","embeddable":true,"href":"https:\/\/primermomento.com\/index.php?rest_route=%2Fwp%2Fv2%2Fcategories&post=308345"},{"taxonomy":"post_tag","embeddable":true,"href":"https:\/\/primermomento.com\/index.php?rest_route=%2Fwp%2Fv2%2Ftags&post=308345"}],"curies":[{"name":"wp","href":"https:\/\/api.w.org\/{rel}","templated":true}]}}