{"id":308825,"date":"2018-08-17T10:01:42","date_gmt":"2018-08-17T14:01:42","guid":{"rendered":"http:\/\/primermomento.com\/?p=308825"},"modified":"2018-08-17T10:01:42","modified_gmt":"2018-08-17T14:01:42","slug":"pide-demandar-a-farmaceuticas-por-crisis-de-opioides","status":"publish","type":"post","link":"https:\/\/primermomento.com\/?p=308825","title":{"rendered":"Pide demandar a farmac\u00e9uticas por crisis de opioides"},"content":{"rendered":"<div class=\"fullNewsIntrotext\">WASHINGTON, Distrito de Columbia.- El presidente estadounidense, Donald Trump, llam\u00f3 hoy a su fiscal general, Jeff Sessions, a demandar a ciertas compa\u00f1\u00edas farmac\u00e9uticas que contribuyen a la crisis de consumo de opioides en el pa\u00eds.<\/div>\n<div><\/div>\n<div class=\"fullNewsFulltext\">\n<figure id=\"attachment_295257\" aria-describedby=\"caption-attachment-295257\" style=\"width: 300px\" class=\"wp-caption alignright\"><img loading=\"lazy\" decoding=\"async\" class=\"size-medium wp-image-295257\" src=\"http:\/\/primermomento.com\/wp-content\/uploads\/2017\/10\/sessions-y-el-daca-300x169.jpg\" alt=\"\" width=\"300\" height=\"169\" srcset=\"https:\/\/primermomento.com\/wp-content\/uploads\/2017\/10\/sessions-y-el-daca-300x169.jpg 300w, https:\/\/primermomento.com\/wp-content\/uploads\/2017\/10\/sessions-y-el-daca-768x432.jpg 768w, https:\/\/primermomento.com\/wp-content\/uploads\/2017\/10\/sessions-y-el-daca-478x270.jpg 478w, https:\/\/primermomento.com\/wp-content\/uploads\/2017\/10\/sessions-y-el-daca-500x281.jpg 500w, https:\/\/primermomento.com\/wp-content\/uploads\/2017\/10\/sessions-y-el-daca-280x157.jpg 280w, https:\/\/primermomento.com\/wp-content\/uploads\/2017\/10\/sessions-y-el-daca-638x359.jpg 638w, https:\/\/primermomento.com\/wp-content\/uploads\/2017\/10\/sessions-y-el-daca-118x66.jpg 118w, https:\/\/primermomento.com\/wp-content\/uploads\/2017\/10\/sessions-y-el-daca-479x269.jpg 479w, https:\/\/primermomento.com\/wp-content\/uploads\/2017\/10\/sessions-y-el-daca.jpg 1023w\" sizes=\"auto, (max-width: 300px) 100vw, 300px\" \/><figcaption id=\"caption-attachment-295257\" class=\"wp-caption-text\">Jeff Sessions, testifica ante el Comit\u00e9 de Justicia del Senado.<\/figcaption><\/figure>\n<p>Me gustar\u00eda pedirle que presente una importante demanda contra las compa\u00f1\u00edas farmac\u00e9uticas por los opi\u00e1ceos, expres\u00f3 el mandatario republicano al titular del Departamento de Justicia durante una reuni\u00f3n del gabinete en la Casa Blanca.<\/p>\n<p>De acuerdo con el gobernante, algunos estados ya han adoptado ese tipo de acci\u00f3n legal, pero a \u00e9l le gustar\u00eda &#8216;presentar una demanda contra estas compa\u00f1\u00edas que realmente env\u00edan los opi\u00e1ceos a un nivel que no deber\u00eda estar sucediendo&#8217;.<\/p>\n<p>Sessions indic\u00f3 este jueves que el Departamento de Justicia se ha unido a demandas estatales contra empresas productoras que, desde el punto de vista de los funcionarios, han ayudado a alimentar los niveles nacionales de consumo.<\/p>\n<p>Esta semana, el estado de Nueva York fue el \u00faltimo en demandar a Purdue Pharma, el fabricante de OxyContin, al alegar que la firma rest\u00f3 importancia al riesgo de la adicci\u00f3n en su comercializaci\u00f3n.<\/p>\n<p>Pero Trump dijo que le gustar\u00eda que el Departamento de Justicia inicie una demanda federal separada contra ciertas farmac\u00e9uticas, aunque no especific\u00f3 cu\u00e1les ser\u00edan las empresas a incluirse en ese procedimiento, report\u00f3 la cadena CNN.<\/p>\n<p>Usted ha dejado en claro que quiere que presentemos una demanda y usemos un proceso legal contra las compa\u00f1\u00edas farmac\u00e9uticas que est\u00e1n abusando de la ley desde hace alg\u00fan tiempo, respondi\u00f3 el fiscal general.<\/p>\n<p>Durante su intervenci\u00f3n sobre el tema el presidente norteamericano tambi\u00e9n arremeti\u00f3 contra M\u00e9xico y China, al manifestar que esas naciones &#8216;est\u00e1n enviando su basura y matando a nuestra gente. Es casi una forma de guerra&#8217;.<\/p>\n<p>En octubre pasado Trump declar\u00f3 que la crisis de consumo de opi\u00e1ceos es una emergencia nacional de salud.<\/p>\n<p>Los Centros para el Control y la Prevenci\u00f3n de Enfermedades informaron ayer que m\u00e1s de 72 mil estadounidenses murieron por sobredosis de drogas en 2017, un aumento del 10 por ciento con respecto a 2016.<\/p>\n<p>De esa cifra, m\u00e1s de 40 mil fallecimientos estuvieron relacionados con el consumo de opi\u00e1ceos, y casi 30 mil de estos casos correspondieron a opioides sint\u00e9ticos como el fentanilo.<\/p><\/div>\n<div><\/div>\n<div style=\"text-align: right;\"><em><span style=\"color: #ff0000;\">PL<\/span><\/em><\/div>\n","protected":false},"excerpt":{"rendered":"<p>WASHINGTON, Distrito de Columbia.- El presidente estadounidense, Donald Trump, llam\u00f3 hoy a su fiscal general, Jeff Sessions, a demandar a ciertas compa\u00f1\u00edas farmac\u00e9uticas que contribuyen a la crisis de consumo de opioides en el pa\u00eds. Me gustar\u00eda pedirle que presente una importante demanda contra las compa\u00f1\u00edas farmac\u00e9uticas por los opi\u00e1ceos, expres\u00f3 el mandatario republicano al [&hellip;]<\/p>\n","protected":false},"author":1,"featured_media":0,"comment_status":"open","ping_status":"open","sticky":false,"template":"","format":"standard","meta":{"_bbp_topic_count":0,"_bbp_reply_count":0,"_bbp_total_topic_count":0,"_bbp_total_reply_count":0,"_bbp_voice_count":0,"_bbp_anonymous_reply_count":0,"_bbp_topic_count_hidden":0,"_bbp_reply_count_hidden":0,"_bbp_forum_subforum_count":0,"footnotes":""},"categories":[60,36],"tags":[],"class_list":{"0":"post-308825","1":"post","2":"type-post","3":"status-publish","4":"format-standard","6":"category-titulares-del-dia","7":"category-salud"},"_links":{"self":[{"href":"https:\/\/primermomento.com\/index.php?rest_route=\/wp\/v2\/posts\/308825","targetHints":{"allow":["GET"]}}],"collection":[{"href":"https:\/\/primermomento.com\/index.php?rest_route=\/wp\/v2\/posts"}],"about":[{"href":"https:\/\/primermomento.com\/index.php?rest_route=\/wp\/v2\/types\/post"}],"author":[{"embeddable":true,"href":"https:\/\/primermomento.com\/index.php?rest_route=\/wp\/v2\/users\/1"}],"replies":[{"embeddable":true,"href":"https:\/\/primermomento.com\/index.php?rest_route=%2Fwp%2Fv2%2Fcomments&post=308825"}],"version-history":[{"count":1,"href":"https:\/\/primermomento.com\/index.php?rest_route=\/wp\/v2\/posts\/308825\/revisions"}],"predecessor-version":[{"id":308826,"href":"https:\/\/primermomento.com\/index.php?rest_route=\/wp\/v2\/posts\/308825\/revisions\/308826"}],"wp:attachment":[{"href":"https:\/\/primermomento.com\/index.php?rest_route=%2Fwp%2Fv2%2Fmedia&parent=308825"}],"wp:term":[{"taxonomy":"category","embeddable":true,"href":"https:\/\/primermomento.com\/index.php?rest_route=%2Fwp%2Fv2%2Fcategories&post=308825"},{"taxonomy":"post_tag","embeddable":true,"href":"https:\/\/primermomento.com\/index.php?rest_route=%2Fwp%2Fv2%2Ftags&post=308825"}],"curies":[{"name":"wp","href":"https:\/\/api.w.org\/{rel}","templated":true}]}}