{"id":308897,"date":"2018-08-20T04:36:48","date_gmt":"2018-08-20T08:36:48","guid":{"rendered":"http:\/\/primermomento.com\/?p=308897"},"modified":"2018-08-20T11:39:47","modified_gmt":"2018-08-20T15:39:47","slug":"ministro-dominicano-aboga-por-atencion-primaria-en-la-salud","status":"publish","type":"post","link":"https:\/\/primermomento.com\/?p=308897","title":{"rendered":"Ministro dominicano aboga por atenci\u00f3n primaria en la salud"},"content":{"rendered":"<div class=\"fullNewsIntrotext\">SANTO DOMINGO, Rep\u00fablica Dominicana.- El ministro de Salud P\u00fablica de la Rep\u00fablica Dominicana, Rafael S\u00e1nchez, abog\u00f3 por hoy por la atenci\u00f3n primaria del sector como la \u00fanica salvaci\u00f3n del sistema sanitario p\u00fablico y de Seguridad Social.<\/div>\n<div><\/div>\n<div class=\"fullNewsFulltext\">\n<figure id=\"attachment_308898\" aria-describedby=\"caption-attachment-308898\" style=\"width: 300px\" class=\"wp-caption alignleft\"><img loading=\"lazy\" decoding=\"async\" class=\"size-medium wp-image-308898\" src=\"http:\/\/primermomento.com\/wp-content\/uploads\/2018\/08\/Rafael-S\u00e1nchez-300x200.jpg\" alt=\"\" width=\"300\" height=\"200\" srcset=\"https:\/\/primermomento.com\/wp-content\/uploads\/2018\/08\/Rafael-S\u00e1nchez-300x200.jpg 300w, https:\/\/primermomento.com\/wp-content\/uploads\/2018\/08\/Rafael-S\u00e1nchez-73x50.jpg 73w, https:\/\/primermomento.com\/wp-content\/uploads\/2018\/08\/Rafael-S\u00e1nchez-500x333.jpg 500w, https:\/\/primermomento.com\/wp-content\/uploads\/2018\/08\/Rafael-S\u00e1nchez-280x186.jpg 280w, https:\/\/primermomento.com\/wp-content\/uploads\/2018\/08\/Rafael-S\u00e1nchez-60x40.jpg 60w, https:\/\/primermomento.com\/wp-content\/uploads\/2018\/08\/Rafael-S\u00e1nchez-638x425.jpg 638w, https:\/\/primermomento.com\/wp-content\/uploads\/2018\/08\/Rafael-S\u00e1nchez-118x79.jpg 118w, https:\/\/primermomento.com\/wp-content\/uploads\/2018\/08\/Rafael-S\u00e1nchez-479x319.jpg 479w, https:\/\/primermomento.com\/wp-content\/uploads\/2018\/08\/Rafael-S\u00e1nchez.jpg 748w\" sizes=\"auto, (max-width: 300px) 100vw, 300px\" \/><figcaption id=\"caption-attachment-308898\" class=\"wp-caption-text\">Rafael S\u00e1nchez.<\/figcaption><\/figure>\n<p>Entrevistado por Diario Libre, el funcionario se\u00f1al\u00f3 que es vital el empleo del mencionado sistema de atenci\u00f3n porque el costo de operaci\u00f3n basado en hospitalizaciones y curaciones es insostenible.<\/p>\n<p>Explic\u00f3 que no es igual el costo de atenci\u00f3n de una gastroenteritis al de un Accidente Cerebro Vascular o un infarto, los cuales tienen un precio mucho mayor y son enfermedades prevenibles desde la atenci\u00f3n primaria.<\/p>\n<p>&#8216;La atenci\u00f3n primaria est\u00e1 concebida de puerta de entrada, tiene la virtud que acerca al equipo de salud a la poblaci\u00f3n, es el m\u00e1s econ\u00f3mico y debe estar basada en m\u00e9dicos familiares, no en especialistas&#8217;, agreg\u00f3.<\/p>\n<p>Asimismo, precis\u00f3 el ministro, la aplicaci\u00f3n de ese sistema debe tener delimitaci\u00f3n territorial, porque permite la cercan\u00eda y con capacidad de resoluci\u00f3n suficiente pero integrada en todos los sistemas.<\/p>\n<p>S\u00e1nchez explic\u00f3 como en estos momentos coordina el di\u00e1logo entre los sectores que inciden en la parte de salud y econ\u00f3mica de la Seguridad Social para tratar de viabilizar algunas medidas las cuales ese ministerio pretende tomar sin ser vetadas.<\/p>\n<p>Por \u00faltimo, asegur\u00f3 que el sector p\u00fablico de la salud est\u00e1 incrementando el n\u00famero de Unidades de Atenci\u00f3n Primaria y la habilitaci\u00f3n de ellas en m\u00e1s del 90 por ciento de los hospitales.<\/p><\/div>\n<div><\/div>\n<div style=\"text-align: right;\"><span style=\"color: #ff0000;\"><em>PL<\/em><\/span><\/div>\n","protected":false},"excerpt":{"rendered":"<p>SANTO DOMINGO, Rep\u00fablica Dominicana.- El ministro de Salud P\u00fablica de la Rep\u00fablica Dominicana, Rafael S\u00e1nchez, abog\u00f3 por hoy por la atenci\u00f3n primaria del sector como la \u00fanica salvaci\u00f3n del sistema sanitario p\u00fablico y de Seguridad Social. Entrevistado por Diario Libre, el funcionario se\u00f1al\u00f3 que es vital el empleo del mencionado sistema de atenci\u00f3n porque el [&hellip;]<\/p>\n","protected":false},"author":1,"featured_media":0,"comment_status":"open","ping_status":"open","sticky":false,"template":"","format":"standard","meta":{"_bbp_topic_count":0,"_bbp_reply_count":0,"_bbp_total_topic_count":0,"_bbp_total_reply_count":0,"_bbp_voice_count":0,"_bbp_anonymous_reply_count":0,"_bbp_topic_count_hidden":0,"_bbp_reply_count_hidden":0,"_bbp_forum_subforum_count":0,"footnotes":""},"categories":[60,36],"tags":[],"class_list":{"0":"post-308897","1":"post","2":"type-post","3":"status-publish","4":"format-standard","6":"category-titulares-del-dia","7":"category-salud"},"_links":{"self":[{"href":"https:\/\/primermomento.com\/index.php?rest_route=\/wp\/v2\/posts\/308897","targetHints":{"allow":["GET"]}}],"collection":[{"href":"https:\/\/primermomento.com\/index.php?rest_route=\/wp\/v2\/posts"}],"about":[{"href":"https:\/\/primermomento.com\/index.php?rest_route=\/wp\/v2\/types\/post"}],"author":[{"embeddable":true,"href":"https:\/\/primermomento.com\/index.php?rest_route=\/wp\/v2\/users\/1"}],"replies":[{"embeddable":true,"href":"https:\/\/primermomento.com\/index.php?rest_route=%2Fwp%2Fv2%2Fcomments&post=308897"}],"version-history":[{"count":1,"href":"https:\/\/primermomento.com\/index.php?rest_route=\/wp\/v2\/posts\/308897\/revisions"}],"predecessor-version":[{"id":308899,"href":"https:\/\/primermomento.com\/index.php?rest_route=\/wp\/v2\/posts\/308897\/revisions\/308899"}],"wp:attachment":[{"href":"https:\/\/primermomento.com\/index.php?rest_route=%2Fwp%2Fv2%2Fmedia&parent=308897"}],"wp:term":[{"taxonomy":"category","embeddable":true,"href":"https:\/\/primermomento.com\/index.php?rest_route=%2Fwp%2Fv2%2Fcategories&post=308897"},{"taxonomy":"post_tag","embeddable":true,"href":"https:\/\/primermomento.com\/index.php?rest_route=%2Fwp%2Fv2%2Ftags&post=308897"}],"curies":[{"name":"wp","href":"https:\/\/api.w.org\/{rel}","templated":true}]}}