{"id":309116,"date":"2018-08-24T07:56:18","date_gmt":"2018-08-24T11:56:18","guid":{"rendered":"http:\/\/primermomento.com\/?p=309116"},"modified":"2018-08-24T15:58:58","modified_gmt":"2018-08-24T19:58:58","slug":"reserva-federal-expresa-confianza-en-crecimiento-economico","status":"publish","type":"post","link":"https:\/\/primermomento.com\/?p=309116","title":{"rendered":"Reserva Federal expresa confianza en crecimiento econ\u00f3mico"},"content":{"rendered":"<div class=\"fullNewsIntrotext\">WASHINGTON, Distrito de Columbia.- El presidente de la Reserva Federal estadounidense (FED), Jerome Powell, expres\u00f3 hoy confianza en la continuidad del notable crecimiento de la econom\u00eda de su pa\u00eds, pese al repunte de la inflaci\u00f3n en los \u00faltimos meses.<\/div>\n<div><\/div>\n<div class=\"fullNewsFulltext\">\n<figure id=\"attachment_309117\" aria-describedby=\"caption-attachment-309117\" style=\"width: 300px\" class=\"wp-caption alignright\"><img loading=\"lazy\" decoding=\"async\" class=\"size-medium wp-image-309117\" src=\"http:\/\/primermomento.com\/wp-content\/uploads\/2018\/08\/Jerome-Powell-300x200.jpg\" alt=\"\" width=\"300\" height=\"200\" srcset=\"https:\/\/primermomento.com\/wp-content\/uploads\/2018\/08\/Jerome-Powell-300x200.jpg 300w, https:\/\/primermomento.com\/wp-content\/uploads\/2018\/08\/Jerome-Powell-73x50.jpg 73w, https:\/\/primermomento.com\/wp-content\/uploads\/2018\/08\/Jerome-Powell-500x333.jpg 500w, https:\/\/primermomento.com\/wp-content\/uploads\/2018\/08\/Jerome-Powell-280x186.jpg 280w, https:\/\/primermomento.com\/wp-content\/uploads\/2018\/08\/Jerome-Powell-60x40.jpg 60w, https:\/\/primermomento.com\/wp-content\/uploads\/2018\/08\/Jerome-Powell-638x425.jpg 638w, https:\/\/primermomento.com\/wp-content\/uploads\/2018\/08\/Jerome-Powell-118x79.jpg 118w, https:\/\/primermomento.com\/wp-content\/uploads\/2018\/08\/Jerome-Powell-479x319.jpg 479w, https:\/\/primermomento.com\/wp-content\/uploads\/2018\/08\/Jerome-Powell.jpg 748w\" sizes=\"auto, (max-width: 300px) 100vw, 300px\" \/><figcaption id=\"caption-attachment-309117\" class=\"wp-caption-text\">Jerome Powell.<\/figcaption><\/figure>\n<p>Aunque el \u00edndice de precios al consumidor ha aumentado cerca del dos por ciento, no hemos visto claros signos de aceleraci\u00f3n por encima de esa cifra, manifest\u00f3 Powell en el foro de Jackson Hole, Wyoming, uno de los principales sobre pol\u00edtica monetaria a nivel mundial.<\/p>\n<p>De acuerdo con el titular del banco central de Estados Unidos, citado por reportes de prensa, &#8216;no parece haber un elevado riesgo de sobrecalentamiento de la econom\u00eda norteamericana&#8217;.<\/p>\n<p>Con una confianza s\u00f3lida en los hogares y las empresas, saludables niveles de creaci\u00f3n de empleo, alza en los ingresos y la llegada de est\u00edmulo fiscal, existen buenas razones para esperar que el comportamiento actual contin\u00fae, sostuvo.<\/p>\n<p>Por otra parte, Powell coment\u00f3 que el presente ritmo de progresiva subida de las tasas de inter\u00e9s resulta el apropiado.<\/p>\n<p>La FED mantuvo el pasado 1 de agosto esos indicadores a un rango de 1,75 a dos por ciento tras las discusiones en una reuni\u00f3n de dos d\u00edas sobre pol\u00edtica monetaria.<\/p>\n<p>Tal decisi\u00f3n, que se tom\u00f3 de manera un\u00e1nime por la directiva del ente bancario, era esperada en los c\u00edrculos especializados y otros sectores teniendo en cuenta las subidas realizadas en marzo y junio de este a\u00f1o.<\/p>\n<p>Despu\u00e9s de ese paso, los otros dos aumentos previstos para 2018 podr\u00edan ocurrir en septiembre y diciembre, divulgaron informaciones period\u00edsticas.<\/p>\n<p>Para expertos, la detreminaci\u00f3n de realizar aumentos de un cuarto de punto porcentual cada vez tiene como objetivo evitar que la econom\u00eda se sobrecaliente y empuje la inflaci\u00f3n a un nivel demasiado elevado.<\/p>\n<p>Sin embargo, al mismo tiempo, las tasas m\u00e1s altas hacen que los pr\u00e9stamos sean m\u00e1s costosos para los consumidores y las empresas, y pueden reducir los precios de las acciones.<\/p>\n<p>Como parte de los debates sobre cu\u00e1ndo podr\u00eda llegar el fin de las subidas, el presidente estadounidense, Donald Trump, critic\u00f3 a la FED el pasado 19 de julio al mostrar su desacuerdo con esa variante y considerar que el organismo podr\u00eda interrumpir la recuperaci\u00f3n econ\u00f3mica.<\/p>\n<p>No estoy emocionado, porque cada vez que subimos, quieren aumentar las tasas nuevamente. Pero, al mismo tiempo, les dejo hacer lo que creen que es mejor, expres\u00f3 el mandatario, a pesar de que los gobernantes del pa\u00eds rara vez interceden cuando se trata del banco central.<\/p><\/div>\n<div><\/div>\n<div style=\"text-align: right;\"><span style=\"color: #ff0000;\"><em>PL<\/em><\/span><\/div>\n","protected":false},"excerpt":{"rendered":"<p>WASHINGTON, Distrito de Columbia.- El presidente de la Reserva Federal estadounidense (FED), Jerome Powell, expres\u00f3 hoy confianza en la continuidad del notable crecimiento de la econom\u00eda de su pa\u00eds, pese al repunte de la inflaci\u00f3n en los \u00faltimos meses. Aunque el \u00edndice de precios al consumidor ha aumentado cerca del dos por ciento, no hemos [&hellip;]<\/p>\n","protected":false},"author":1,"featured_media":0,"comment_status":"open","ping_status":"open","sticky":false,"template":"","format":"standard","meta":{"_bbp_topic_count":0,"_bbp_reply_count":0,"_bbp_total_topic_count":0,"_bbp_total_reply_count":0,"_bbp_voice_count":0,"_bbp_anonymous_reply_count":0,"_bbp_topic_count_hidden":0,"_bbp_reply_count_hidden":0,"_bbp_forum_subforum_count":0,"footnotes":""},"categories":[35,60],"tags":[],"class_list":{"0":"post-309116","1":"post","2":"type-post","3":"status-publish","4":"format-standard","6":"category-economia","7":"category-titulares-del-dia"},"_links":{"self":[{"href":"https:\/\/primermomento.com\/index.php?rest_route=\/wp\/v2\/posts\/309116","targetHints":{"allow":["GET"]}}],"collection":[{"href":"https:\/\/primermomento.com\/index.php?rest_route=\/wp\/v2\/posts"}],"about":[{"href":"https:\/\/primermomento.com\/index.php?rest_route=\/wp\/v2\/types\/post"}],"author":[{"embeddable":true,"href":"https:\/\/primermomento.com\/index.php?rest_route=\/wp\/v2\/users\/1"}],"replies":[{"embeddable":true,"href":"https:\/\/primermomento.com\/index.php?rest_route=%2Fwp%2Fv2%2Fcomments&post=309116"}],"version-history":[{"count":1,"href":"https:\/\/primermomento.com\/index.php?rest_route=\/wp\/v2\/posts\/309116\/revisions"}],"predecessor-version":[{"id":309118,"href":"https:\/\/primermomento.com\/index.php?rest_route=\/wp\/v2\/posts\/309116\/revisions\/309118"}],"wp:attachment":[{"href":"https:\/\/primermomento.com\/index.php?rest_route=%2Fwp%2Fv2%2Fmedia&parent=309116"}],"wp:term":[{"taxonomy":"category","embeddable":true,"href":"https:\/\/primermomento.com\/index.php?rest_route=%2Fwp%2Fv2%2Fcategories&post=309116"},{"taxonomy":"post_tag","embeddable":true,"href":"https:\/\/primermomento.com\/index.php?rest_route=%2Fwp%2Fv2%2Ftags&post=309116"}],"curies":[{"name":"wp","href":"https:\/\/api.w.org\/{rel}","templated":true}]}}