{"id":309173,"date":"2018-08-27T18:13:29","date_gmt":"2018-08-27T22:13:29","guid":{"rendered":"http:\/\/primermomento.com\/?p=309173"},"modified":"2018-08-27T21:16:54","modified_gmt":"2018-08-28T01:16:54","slug":"presidente-trump-anuncia-acuerdo-comercial-con-mexico","status":"publish","type":"post","link":"https:\/\/primermomento.com\/?p=309173","title":{"rendered":"Presidente Trump anuncia acuerdo comercial con M\u00e9xico"},"content":{"rendered":"<p>WASHINGTON, Distrito de Columbia.- El presidente de Estados Unidos, Donald Trump, dice que va a \u00abterminar\u00bb el Tratado de Libre Comercio de Am\u00e9rica del Norte mientras busca un acuerdo con M\u00e9xico y comienza las negociaciones con Canad\u00e1.<\/p>\n<figure id=\"attachment_309174\" aria-describedby=\"caption-attachment-309174\" style=\"width: 300px\" class=\"wp-caption alignleft\"><img loading=\"lazy\" decoding=\"async\" class=\"size-medium wp-image-309174\" src=\"http:\/\/primermomento.com\/wp-content\/uploads\/2018\/08\/trump-y-nafta-300x169.jpg\" alt=\"\" width=\"300\" height=\"169\" srcset=\"https:\/\/primermomento.com\/wp-content\/uploads\/2018\/08\/trump-y-nafta-300x169.jpg 300w, https:\/\/primermomento.com\/wp-content\/uploads\/2018\/08\/trump-y-nafta-768x432.jpg 768w, https:\/\/primermomento.com\/wp-content\/uploads\/2018\/08\/trump-y-nafta-478x270.jpg 478w, https:\/\/primermomento.com\/wp-content\/uploads\/2018\/08\/trump-y-nafta-500x281.jpg 500w, https:\/\/primermomento.com\/wp-content\/uploads\/2018\/08\/trump-y-nafta-280x157.jpg 280w, https:\/\/primermomento.com\/wp-content\/uploads\/2018\/08\/trump-y-nafta-638x359.jpg 638w, https:\/\/primermomento.com\/wp-content\/uploads\/2018\/08\/trump-y-nafta-118x66.jpg 118w, https:\/\/primermomento.com\/wp-content\/uploads\/2018\/08\/trump-y-nafta-479x269.jpg 479w, https:\/\/primermomento.com\/wp-content\/uploads\/2018\/08\/trump-y-nafta.jpg 1023w\" sizes=\"auto, (max-width: 300px) 100vw, 300px\" \/><figcaption id=\"caption-attachment-309174\" class=\"wp-caption-text\">El presidente de los Estados Unidos, Donald Trump, durante una conversaci\u00f3n telef\u00f3nica con el presidente de M\u00e9xico, Enrique Pe\u00f1a Nieto.<\/figcaption><\/figure>\n<p>Trump dijo el lunes durante un evento de la Oficina Oval que llamar\u00e1 al acuerdo emergente el \u00abAcuerdo Comercial entre Estados Unidos y M\u00e9xico\u00bb. Indic\u00f3 que marcar\u00e1 el final del nombre NAFTA.<\/p>\n<p>Trump hizo los comentarios despu\u00e9s de anunciar un \u00abentendimiento\u00bb con M\u00e9xico que podr\u00eda llevar a una revisi\u00f3n del pacto comercial de hace 24 a\u00f1os, que Trump califica de \u00abdesastre\u00bb que mata empleos. Se espera que los detalles del acuerdo M\u00e9xico-EE.UU. se den a conocer m\u00e1s tarde el lunes.<\/p>\n<p>El presidente mexicano, Enrique Pe\u00f1a Nieto, habl\u00f3 por tel\u00e9fono y dijo que espera que el socio del TLCAN, Canad\u00e1, se incorpore finalmente al acuerdo.<\/p>\n<p>El presidente Trump indic\u00f3 que llamar\u00e1 al primer ministro canadiense Justin Trudeau. \u00abSi les gustar\u00eda negociar de manera justa, haremos eso\u00bb, indic\u00f3. Tambi\u00e9n amenaz\u00f3 con gravar las importaciones de autom\u00f3viles canadienses para aumentar la presi\u00f3n sobre el gobierno de Canad\u00e1.<\/p>\n<p>Trump dijo: \u00abPodr\u00edamos tener un acuerdo por separado (con Canad\u00e1) o podr\u00edamos ponerlo en este acuerdo\u201d.<\/p>\n<p>Anteriormente el presidente Trump hab\u00eda anunciado que Estados Unidos y M\u00e9xico estaban cerca de un \u201cgran acuerdo\u201d comercial tras d\u00edas de negociaciones entre los dos socios en el Tratado de Libre Comercio de Am\u00e9rica del Norte (TLCAN).<\/p>\n<p>En la Casa Blanca, el presidente Trump dijo sobre el tratado que \u201ces algo muy especial para nuestros fabricantes y para nuestros agricultores de ambos pa\u00edses, para todas las personas que trabajan. Tambi\u00e9n es un gran negocio y lo hace una factura mucho m\u00e1s justa. Y estamos muy, muy entusiasmados con eso\u201d.<\/p>\n<p>El acuerdo es el paso m\u00e1s significativo hacia un nuevo acuerdo desde que comenzaron las conversaciones con M\u00e9xico y Canad\u00e1 hace un a\u00f1o.<\/p>\n<p>El anuncio dej\u00f3 sin resolver una serie de demandas pol\u00e9micas de Estados Unidos y Canad\u00e1, pa\u00eds que no ha participado en las deliberaciones durante cinco semanas.<\/p>\n<p>Los negociadores se apresuran a finalizar un nuevo tratado para fines de esta semana con la esperanza de obtener la aprobaci\u00f3n de los legisladores mexicanos antes de que el pr\u00f3ximo presidente mexicano, Andr\u00e9s Manuel L\u00f3pez Obrador, tome posesi\u00f3n el 1 de diciembre.<\/p>\n<p>Tras un fin de semana de intensas conversaciones para lograr un acuerdo bilateral, los equipos negociadores de M\u00e9xico y Estados Unidos retomaron las pl\u00e1ticas el lunes.<\/p>\n<p>En las \u00faltimas semanas, ambos pa\u00edses han sostenido varias rondas de di\u00e1logos para resolver las diferencias en torno a la renegociaci\u00f3n del TLCAN antes de reincorporar a Canad\u00e1, el tercer pa\u00eds firmante del pacto vigente desde 1994.<\/p>\n<p>Sin embargo, los desacuerdos sobre el cap\u00edtulo energ\u00e9tico, el contenido regional en autos y una cl\u00e1usula de extinci\u00f3n del tratado reclamada por el gobierno estadounidense, trabaron las conversaciones.<\/p>\n<p>\u201cPr\u00e1cticamente estamos en las \u00faltimas horas de esta negociaci\u00f3n\u201d, dijo el domingo el secretario de Econom\u00eda de M\u00e9xico, Ildefonso Guajardo la ma\u00f1ana del domingo a su llegada a la Oficina del Representante Comercial de Estados Unidos (USTR, por su sigla en ingl\u00e9s) en Washington.<\/p>\n<p>Tras un receso para almorzar, los negociadores mexicanos volvieron la tarde del domingo para una intensa jornada de conversaciones con sus pares estadounidenses. Entrada la noche, los funcionarios volvieron a salir y dijeron que retomar\u00edan las pl\u00e1ticas la ma\u00f1ana del lunes.<\/p>\n<p>\u201cHemos seguido avanzando y regresaremos ma\u00f1ana aqu\u00ed a las 9 de la ma\u00f1ana\u201d, manifest\u00f3 Guajardo antes de adelantar que ir\u00eda a hacer consultas con los empresarios mexicanos.<\/p>\n<p>Guajardo y el canciller de su pa\u00eds, Luis Videgaray, aseguraron que, una vez que se cierre la negociaci\u00f3n bilateral, Canad\u00e1 se unir\u00e1 a las conversaciones.<\/p>\n<p>\u201cCuando termine esta etapa, la siguiente es que venga Canad\u00e1, pero todav\u00eda no terminamos esta etapa\u201d, explic\u00f3 Videgaray.<\/p>\n<p style=\"text-align: right;\"><span style=\"color: #ff0000;\">VOANEWS<\/span><\/p>\n","protected":false},"excerpt":{"rendered":"<p>WASHINGTON, Distrito de Columbia.- El presidente de Estados Unidos, Donald Trump, dice que va a \u00abterminar\u00bb el Tratado de Libre Comercio de Am\u00e9rica del Norte mientras busca un acuerdo con M\u00e9xico y comienza las negociaciones con Canad\u00e1. Trump dijo el lunes durante un evento de la Oficina Oval que llamar\u00e1 al acuerdo emergente el \u00abAcuerdo [&hellip;]<\/p>\n","protected":false},"author":1,"featured_media":0,"comment_status":"open","ping_status":"open","sticky":false,"template":"","format":"standard","meta":{"_bbp_topic_count":0,"_bbp_reply_count":0,"_bbp_total_topic_count":0,"_bbp_total_reply_count":0,"_bbp_voice_count":0,"_bbp_anonymous_reply_count":0,"_bbp_topic_count_hidden":0,"_bbp_reply_count_hidden":0,"_bbp_forum_subforum_count":0,"footnotes":""},"categories":[35,60],"tags":[],"class_list":{"0":"post-309173","1":"post","2":"type-post","3":"status-publish","4":"format-standard","6":"category-economia","7":"category-titulares-del-dia"},"_links":{"self":[{"href":"https:\/\/primermomento.com\/index.php?rest_route=\/wp\/v2\/posts\/309173","targetHints":{"allow":["GET"]}}],"collection":[{"href":"https:\/\/primermomento.com\/index.php?rest_route=\/wp\/v2\/posts"}],"about":[{"href":"https:\/\/primermomento.com\/index.php?rest_route=\/wp\/v2\/types\/post"}],"author":[{"embeddable":true,"href":"https:\/\/primermomento.com\/index.php?rest_route=\/wp\/v2\/users\/1"}],"replies":[{"embeddable":true,"href":"https:\/\/primermomento.com\/index.php?rest_route=%2Fwp%2Fv2%2Fcomments&post=309173"}],"version-history":[{"count":1,"href":"https:\/\/primermomento.com\/index.php?rest_route=\/wp\/v2\/posts\/309173\/revisions"}],"predecessor-version":[{"id":309175,"href":"https:\/\/primermomento.com\/index.php?rest_route=\/wp\/v2\/posts\/309173\/revisions\/309175"}],"wp:attachment":[{"href":"https:\/\/primermomento.com\/index.php?rest_route=%2Fwp%2Fv2%2Fmedia&parent=309173"}],"wp:term":[{"taxonomy":"category","embeddable":true,"href":"https:\/\/primermomento.com\/index.php?rest_route=%2Fwp%2Fv2%2Fcategories&post=309173"},{"taxonomy":"post_tag","embeddable":true,"href":"https:\/\/primermomento.com\/index.php?rest_route=%2Fwp%2Fv2%2Ftags&post=309173"}],"curies":[{"name":"wp","href":"https:\/\/api.w.org\/{rel}","templated":true}]}}