{"id":309267,"date":"2018-08-29T16:54:45","date_gmt":"2018-08-29T20:54:45","guid":{"rendered":"http:\/\/primermomento.com\/?p=309267"},"modified":"2018-08-29T16:54:45","modified_gmt":"2018-08-29T20:54:45","slug":"cepal-aborda-planificacion-y-desarrollo-regional-en-dominicana","status":"publish","type":"post","link":"https:\/\/primermomento.com\/?p=309267","title":{"rendered":"Cepal aborda planificaci\u00f3n y desarrollo regional en Dominicana"},"content":{"rendered":"<div class=\"fullNewsIntrotext\">SANTO DOMINGO, Rep\u00fablica Dominicana.- La Comisi\u00f3n Econ\u00f3mica para Am\u00e9rica Latina y el Caribe (Cepal), a trav\u00e9s del Instituto Latinoamericano y del Caribe de Planificaci\u00f3n Econ\u00f3mica y Social, abordar\u00e1 hoy en Rep\u00fablica Dominicana, la planificaci\u00f3n para el desarrollo en la regi\u00f3n.<\/div>\n<div><\/div>\n<div class=\"fullNewsFulltext\"><img loading=\"lazy\" decoding=\"async\" class=\"size-medium wp-image-309268 alignleft\" src=\"http:\/\/primermomento.com\/wp-content\/uploads\/2018\/08\/cepal-300x169.jpg\" alt=\"\" width=\"300\" height=\"169\" srcset=\"https:\/\/primermomento.com\/wp-content\/uploads\/2018\/08\/cepal-300x169.jpg 300w, https:\/\/primermomento.com\/wp-content\/uploads\/2018\/08\/cepal-478x270.jpg 478w, https:\/\/primermomento.com\/wp-content\/uploads\/2018\/08\/cepal-500x281.jpg 500w, https:\/\/primermomento.com\/wp-content\/uploads\/2018\/08\/cepal-280x158.jpg 280w, https:\/\/primermomento.com\/wp-content\/uploads\/2018\/08\/cepal-638x359.jpg 638w, https:\/\/primermomento.com\/wp-content\/uploads\/2018\/08\/cepal-118x66.jpg 118w, https:\/\/primermomento.com\/wp-content\/uploads\/2018\/08\/cepal-479x270.jpg 479w, https:\/\/primermomento.com\/wp-content\/uploads\/2018\/08\/cepal.jpg 675w\" sizes=\"auto, (max-width: 300px) 100vw, 300px\" \/>Expertos de 17 pa\u00edses se reunir\u00e1n a partir de este mi\u00e9rcoles en el Hotel Sheraton de esta capital, para efectuar primero un seminario de alto nivel sobre Territorializaci\u00f3n de la Agenda 2030 para el Desarrollo Sostenible en la regi\u00f3n, y ma\u00f1ana d\u00eda 30, la vig\u00e9simo s\u00e9ptima reuni\u00f3n de la Mesa Directiva del Consejo Regional de Planificaci\u00f3n.<\/p>\n<p>Seg\u00fan los organizadores de los eventos, entre los expertos se encuentran ministros, viceministros y otros altos cargos de instituciones gubernamentales de Argentina, Brasil, Chile, Colombia, Costa Rica, Cuba, Dominica, Ecuador, Granada, Guatemala, Jamaica, Honduras, Panam\u00e1, Per\u00fa, Santa Luc\u00eda, Uruguay y el pa\u00eds anfitri\u00f3n.<\/p>\n<p>Se espera que en la inauguraci\u00f3n del Seminario intervengan el secretario ejecutivo adjunto para administraci\u00f3n y an\u00e1lisis de programas de la Cepal, Ra\u00fal Garc\u00eda-Buchaca; el ministro dominicano de Econom\u00eda, Isidoro Santana, y el presidente del Consejo Directivo del Centro Nacional de Planeamiento Estrat\u00e9gico de Per\u00fa, Javier Abugatt\u00e1s.<\/p>\n<p>En ese evento, autoridades de la regi\u00f3n presentar\u00e1n sus experiencias sobre desigualdades territoriales, planes, estrategias y pol\u00edticas nacionales de desarrollo territorial e instrumentos, financiamiento y presupuesto para su implementaci\u00f3n.<\/p>\n<p>Por su parte, los participantes en la Mesa Directiva revisar\u00e1n los avances del trabajo y cumplimiento de los acuerdos aprobados por el Consejo Regional de Planificaci\u00f3n, principal instancia gubernamental de orientaci\u00f3n de las actividades del Instituto.<\/p>\n<p>El Consejo se re\u00fane cada dos a\u00f1os y es la principal instancia gubernamental que orienta las actividades del Instituto y es tambi\u00e9n su \u00f3rgano de consulta en la conducci\u00f3n de los programas, evaluaci\u00f3n de resultados y cumplimiento de los acuerdos aprobados.<\/p><\/div>\n<div><\/div>\n<div style=\"text-align: right;\"><span style=\"color: #ff0000;\"><em>PL<\/em><\/span><\/div>\n","protected":false},"excerpt":{"rendered":"<p>SANTO DOMINGO, Rep\u00fablica Dominicana.- La Comisi\u00f3n Econ\u00f3mica para Am\u00e9rica Latina y el Caribe (Cepal), a trav\u00e9s del Instituto Latinoamericano y del Caribe de Planificaci\u00f3n Econ\u00f3mica y Social, abordar\u00e1 hoy en Rep\u00fablica Dominicana, la planificaci\u00f3n para el desarrollo en la regi\u00f3n. Expertos de 17 pa\u00edses se reunir\u00e1n a partir de este mi\u00e9rcoles en el Hotel Sheraton [&hellip;]<\/p>\n","protected":false},"author":1,"featured_media":0,"comment_status":"open","ping_status":"open","sticky":false,"template":"","format":"standard","meta":{"_bbp_topic_count":0,"_bbp_reply_count":0,"_bbp_total_topic_count":0,"_bbp_total_reply_count":0,"_bbp_voice_count":0,"_bbp_anonymous_reply_count":0,"_bbp_topic_count_hidden":0,"_bbp_reply_count_hidden":0,"_bbp_forum_subforum_count":0,"footnotes":""},"categories":[35,60],"tags":[],"class_list":{"0":"post-309267","1":"post","2":"type-post","3":"status-publish","4":"format-standard","6":"category-economia","7":"category-titulares-del-dia"},"_links":{"self":[{"href":"https:\/\/primermomento.com\/index.php?rest_route=\/wp\/v2\/posts\/309267","targetHints":{"allow":["GET"]}}],"collection":[{"href":"https:\/\/primermomento.com\/index.php?rest_route=\/wp\/v2\/posts"}],"about":[{"href":"https:\/\/primermomento.com\/index.php?rest_route=\/wp\/v2\/types\/post"}],"author":[{"embeddable":true,"href":"https:\/\/primermomento.com\/index.php?rest_route=\/wp\/v2\/users\/1"}],"replies":[{"embeddable":true,"href":"https:\/\/primermomento.com\/index.php?rest_route=%2Fwp%2Fv2%2Fcomments&post=309267"}],"version-history":[{"count":1,"href":"https:\/\/primermomento.com\/index.php?rest_route=\/wp\/v2\/posts\/309267\/revisions"}],"predecessor-version":[{"id":309269,"href":"https:\/\/primermomento.com\/index.php?rest_route=\/wp\/v2\/posts\/309267\/revisions\/309269"}],"wp:attachment":[{"href":"https:\/\/primermomento.com\/index.php?rest_route=%2Fwp%2Fv2%2Fmedia&parent=309267"}],"wp:term":[{"taxonomy":"category","embeddable":true,"href":"https:\/\/primermomento.com\/index.php?rest_route=%2Fwp%2Fv2%2Fcategories&post=309267"},{"taxonomy":"post_tag","embeddable":true,"href":"https:\/\/primermomento.com\/index.php?rest_route=%2Fwp%2Fv2%2Ftags&post=309267"}],"curies":[{"name":"wp","href":"https:\/\/api.w.org\/{rel}","templated":true}]}}