{"id":309307,"date":"2018-08-30T09:13:36","date_gmt":"2018-08-30T13:13:36","guid":{"rendered":"http:\/\/primermomento.com\/?p=309307"},"modified":"2018-08-30T16:16:28","modified_gmt":"2018-08-30T20:16:28","slug":"aumentan-pedidos-de-subsidio-por-desempleo-en-eeuu","status":"publish","type":"post","link":"https:\/\/primermomento.com\/?p=309307","title":{"rendered":"Aumentan pedidos de subsidio por desempleo en EEUU"},"content":{"rendered":"<div class=\"fullNewsIntrotext\">WASHINGTON, Distrito de Columbia.- Las solicitudes de subsidio por desempleo en Estados Unidos subieron la \u00faltima semana en tres mil con respecto al n\u00famero del per\u00edodo anterior, cuando bajaron como ocurri\u00f3 las dos veces anteriores, inform\u00f3 hoy una fuente oficial.<\/div>\n<div><\/div>\n<div class=\"fullNewsFulltext\"><img loading=\"lazy\" decoding=\"async\" class=\"size-medium wp-image-309308 alignleft\" src=\"http:\/\/primermomento.com\/wp-content\/uploads\/2018\/08\/y-norte-empleo-300x200.jpg\" alt=\"\" width=\"300\" height=\"200\" srcset=\"https:\/\/primermomento.com\/wp-content\/uploads\/2018\/08\/y-norte-empleo-300x200.jpg 300w, https:\/\/primermomento.com\/wp-content\/uploads\/2018\/08\/y-norte-empleo-73x50.jpg 73w, https:\/\/primermomento.com\/wp-content\/uploads\/2018\/08\/y-norte-empleo-500x333.jpg 500w, https:\/\/primermomento.com\/wp-content\/uploads\/2018\/08\/y-norte-empleo-280x186.jpg 280w, https:\/\/primermomento.com\/wp-content\/uploads\/2018\/08\/y-norte-empleo-60x40.jpg 60w, https:\/\/primermomento.com\/wp-content\/uploads\/2018\/08\/y-norte-empleo-638x425.jpg 638w, https:\/\/primermomento.com\/wp-content\/uploads\/2018\/08\/y-norte-empleo-118x79.jpg 118w, https:\/\/primermomento.com\/wp-content\/uploads\/2018\/08\/y-norte-empleo-479x319.jpg 479w, https:\/\/primermomento.com\/wp-content\/uploads\/2018\/08\/y-norte-empleo.jpg 748w\" sizes=\"auto, (max-width: 300px) 100vw, 300px\" \/>Hasta el pasado 25 de agosto, puntualiz\u00f3 un reporte del Departamento de Trabajo, se registraron 213 mil reclamos, un dato levemente inferior al pron\u00f3stico de los expertos en el tema.<\/p>\n<p>Ahora suman 182 las semanas consecutivas cuyos totales de demandas no superan la barrera de 300 mil, lo cual es considerado una buena se\u00f1al del mercado laboral.<\/p>\n<p>Por otra parte, el n\u00famero de personas que recibe el subsidio permanente debido a la carencia de trabajo decreci\u00f3 en 20 mil despu\u00e9s de una revisi\u00f3n al alza de ese indicador, y se mantuvo los siete d\u00edas concluidos el 18 de agosto por debajo de los dos millones (1,708).<\/p>\n<p>El \u00edndice de desempleo en Estados Unidos cerr\u00f3 julio, cuando surgieron 157 mil nuevos puestos laborales, en 3,9 por ciento, una d\u00e9cima por debajo de la cifra del mes precedente.<\/p><\/div>\n<div><\/div>\n<div style=\"text-align: right;\"><span style=\"color: #ff0000;\"><em>PL<\/em><\/span><\/div>\n","protected":false},"excerpt":{"rendered":"<p>WASHINGTON, Distrito de Columbia.- Las solicitudes de subsidio por desempleo en Estados Unidos subieron la \u00faltima semana en tres mil con respecto al n\u00famero del per\u00edodo anterior, cuando bajaron como ocurri\u00f3 las dos veces anteriores, inform\u00f3 hoy una fuente oficial. Hasta el pasado 25 de agosto, puntualiz\u00f3 un reporte del Departamento de Trabajo, se registraron [&hellip;]<\/p>\n","protected":false},"author":1,"featured_media":0,"comment_status":"open","ping_status":"open","sticky":false,"template":"","format":"standard","meta":{"_bbp_topic_count":0,"_bbp_reply_count":0,"_bbp_total_topic_count":0,"_bbp_total_reply_count":0,"_bbp_voice_count":0,"_bbp_anonymous_reply_count":0,"_bbp_topic_count_hidden":0,"_bbp_reply_count_hidden":0,"_bbp_forum_subforum_count":0,"footnotes":""},"categories":[35,60],"tags":[],"class_list":{"0":"post-309307","1":"post","2":"type-post","3":"status-publish","4":"format-standard","6":"category-economia","7":"category-titulares-del-dia"},"_links":{"self":[{"href":"https:\/\/primermomento.com\/index.php?rest_route=\/wp\/v2\/posts\/309307","targetHints":{"allow":["GET"]}}],"collection":[{"href":"https:\/\/primermomento.com\/index.php?rest_route=\/wp\/v2\/posts"}],"about":[{"href":"https:\/\/primermomento.com\/index.php?rest_route=\/wp\/v2\/types\/post"}],"author":[{"embeddable":true,"href":"https:\/\/primermomento.com\/index.php?rest_route=\/wp\/v2\/users\/1"}],"replies":[{"embeddable":true,"href":"https:\/\/primermomento.com\/index.php?rest_route=%2Fwp%2Fv2%2Fcomments&post=309307"}],"version-history":[{"count":1,"href":"https:\/\/primermomento.com\/index.php?rest_route=\/wp\/v2\/posts\/309307\/revisions"}],"predecessor-version":[{"id":309309,"href":"https:\/\/primermomento.com\/index.php?rest_route=\/wp\/v2\/posts\/309307\/revisions\/309309"}],"wp:attachment":[{"href":"https:\/\/primermomento.com\/index.php?rest_route=%2Fwp%2Fv2%2Fmedia&parent=309307"}],"wp:term":[{"taxonomy":"category","embeddable":true,"href":"https:\/\/primermomento.com\/index.php?rest_route=%2Fwp%2Fv2%2Fcategories&post=309307"},{"taxonomy":"post_tag","embeddable":true,"href":"https:\/\/primermomento.com\/index.php?rest_route=%2Fwp%2Fv2%2Ftags&post=309307"}],"curies":[{"name":"wp","href":"https:\/\/api.w.org\/{rel}","templated":true}]}}