{"id":309848,"date":"2018-09-14T05:02:27","date_gmt":"2018-09-14T09:02:27","guid":{"rendered":"http:\/\/primermomento.com\/?p=309848"},"modified":"2018-09-14T08:04:15","modified_gmt":"2018-09-14T12:04:15","slug":"inflacion-en-dominicana-subio-a-144-por-ciento-hasta-agosto","status":"publish","type":"post","link":"https:\/\/primermomento.com\/?p=309848","title":{"rendered":"Inflaci\u00f3n en Dominicana subi\u00f3 a 1,44 por ciento hasta agosto"},"content":{"rendered":"<div class=\"fullNewsIntrotext\">SANTO DOMINGO, Rep\u00fablica Dominicana.- La inflaci\u00f3n acumulada durante el per\u00edodo enero-agosto en Rep\u00fablica Dominicana se ubic\u00f3 en 1,44 por ciento, confirm\u00f3 hoy el Banco Central (BCRD).<\/div>\n<div><\/div>\n<div class=\"fullNewsFulltext\"><img loading=\"lazy\" decoding=\"async\" class=\"size-full wp-image-277773 alignleft\" src=\"http:\/\/primermomento.com\/wp-content\/uploads\/2016\/06\/Banco-Central-RD.jpg\" alt=\"\" width=\"276\" height=\"183\" srcset=\"https:\/\/primermomento.com\/wp-content\/uploads\/2016\/06\/Banco-Central-RD.jpg 276w, https:\/\/primermomento.com\/wp-content\/uploads\/2016\/06\/Banco-Central-RD-60x40.jpg 60w, https:\/\/primermomento.com\/wp-content\/uploads\/2016\/06\/Banco-Central-RD-118x78.jpg 118w, https:\/\/primermomento.com\/wp-content\/uploads\/2016\/06\/Banco-Central-RD-153x100.jpg 153w\" sizes=\"auto, (max-width: 276px) 100vw, 276px\" \/>El ente emisor inform\u00f3 en un comunicado que ese resultado obedece a que la inflaci\u00f3n del mes de agosto de 2018 permaneci\u00f3 pr\u00e1cticamente igual, con una variaci\u00f3n del \u00cdndice de Precios al Consumidor (IPC) de 0,03 por ciento con respecto al mes anterior.<\/p>\n<p>En cuanto a la inflaci\u00f3n anualizada, medida desde agosto de 2017 hasta agosto de 2018, se ubic\u00f3 en 3,87 por ciento, ligeramente por debajo del valor central del rango planificado de 4,0 a 5,0 establecido en el Programa Monetario.<\/p>\n<p>El BCRD detalla que la inflaci\u00f3n subyacente registr\u00f3 una tasa interanual de 2,59 por ciento en agosto pasado, un indicador que estima las presiones inflacionarias de origen monetario, y a\u00edsla las variaciones de precios de algunos bienes agropecuarios vol\u00e1tiles, bebidas alcoh\u00f3licas, tabaco, combustibles y de algunos servicios.<\/p>\n<p>El reporte del Banco explica que el comportamiento del IPC responde fundamentalmente a que la variaci\u00f3n de -0,80 por ciento verificada en Alimentos y Bebidas No Alcoh\u00f3licas, neutraliz\u00f3 los incrementos en los \u00edndices de precios de los grupos de Educaci\u00f3n (2,04 por ciento), Transporte (0,36) y Vivienda (0,48).<\/p><\/div>\n<div><\/div>\n<div style=\"text-align: right;\"><span style=\"color: #ff0000;\"><em>PL<\/em><\/span><\/div>\n","protected":false},"excerpt":{"rendered":"<p>SANTO DOMINGO, Rep\u00fablica Dominicana.- La inflaci\u00f3n acumulada durante el per\u00edodo enero-agosto en Rep\u00fablica Dominicana se ubic\u00f3 en 1,44 por ciento, confirm\u00f3 hoy el Banco Central (BCRD). El ente emisor inform\u00f3 en un comunicado que ese resultado obedece a que la inflaci\u00f3n del mes de agosto de 2018 permaneci\u00f3 pr\u00e1cticamente igual, con una variaci\u00f3n del \u00cdndice [&hellip;]<\/p>\n","protected":false},"author":1,"featured_media":0,"comment_status":"open","ping_status":"open","sticky":false,"template":"","format":"standard","meta":{"_bbp_topic_count":0,"_bbp_reply_count":0,"_bbp_total_topic_count":0,"_bbp_total_reply_count":0,"_bbp_voice_count":0,"_bbp_anonymous_reply_count":0,"_bbp_topic_count_hidden":0,"_bbp_reply_count_hidden":0,"_bbp_forum_subforum_count":0,"footnotes":""},"categories":[35,60],"tags":[],"class_list":{"0":"post-309848","1":"post","2":"type-post","3":"status-publish","4":"format-standard","6":"category-economia","7":"category-titulares-del-dia"},"_links":{"self":[{"href":"https:\/\/primermomento.com\/index.php?rest_route=\/wp\/v2\/posts\/309848","targetHints":{"allow":["GET"]}}],"collection":[{"href":"https:\/\/primermomento.com\/index.php?rest_route=\/wp\/v2\/posts"}],"about":[{"href":"https:\/\/primermomento.com\/index.php?rest_route=\/wp\/v2\/types\/post"}],"author":[{"embeddable":true,"href":"https:\/\/primermomento.com\/index.php?rest_route=\/wp\/v2\/users\/1"}],"replies":[{"embeddable":true,"href":"https:\/\/primermomento.com\/index.php?rest_route=%2Fwp%2Fv2%2Fcomments&post=309848"}],"version-history":[{"count":1,"href":"https:\/\/primermomento.com\/index.php?rest_route=\/wp\/v2\/posts\/309848\/revisions"}],"predecessor-version":[{"id":309849,"href":"https:\/\/primermomento.com\/index.php?rest_route=\/wp\/v2\/posts\/309848\/revisions\/309849"}],"wp:attachment":[{"href":"https:\/\/primermomento.com\/index.php?rest_route=%2Fwp%2Fv2%2Fmedia&parent=309848"}],"wp:term":[{"taxonomy":"category","embeddable":true,"href":"https:\/\/primermomento.com\/index.php?rest_route=%2Fwp%2Fv2%2Fcategories&post=309848"},{"taxonomy":"post_tag","embeddable":true,"href":"https:\/\/primermomento.com\/index.php?rest_route=%2Fwp%2Fv2%2Ftags&post=309848"}],"curies":[{"name":"wp","href":"https:\/\/api.w.org\/{rel}","templated":true}]}}