{"id":310031,"date":"2018-09-20T09:45:18","date_gmt":"2018-09-20T13:45:18","guid":{"rendered":"http:\/\/primermomento.com\/?p=310031"},"modified":"2018-09-20T18:47:36","modified_gmt":"2018-09-20T22:47:36","slug":"seccionales-prm-en-eeuu-celebran-el-primer-encuentro-institucional","status":"publish","type":"post","link":"https:\/\/primermomento.com\/?p=310031","title":{"rendered":"Seccionales PRM en EEUU celebran el Primer Encuentro Institucional"},"content":{"rendered":"<div>NUEVA YORK, Nueva York.- Representantes de las seis seccionales del Partido Revolucionario Moderno (PRM) en circunscripci\u00f3n electoral n\u00famero del exterior realizaron este domingo el Primer Encuentro Institucional.<\/div>\n<div>\n<div>\n<p><img loading=\"lazy\" decoding=\"async\" class=\"size-medium wp-image-310032 alignleft\" src=\"http:\/\/primermomento.com\/wp-content\/uploads\/2018\/09\/42107469_1922925371119672_3221081659315060736_o-300x225.jpg\" alt=\"\" width=\"300\" height=\"225\" srcset=\"https:\/\/primermomento.com\/wp-content\/uploads\/2018\/09\/42107469_1922925371119672_3221081659315060736_o-300x225.jpg 300w, https:\/\/primermomento.com\/wp-content\/uploads\/2018\/09\/42107469_1922925371119672_3221081659315060736_o-768x576.jpg 768w, https:\/\/primermomento.com\/wp-content\/uploads\/2018\/09\/42107469_1922925371119672_3221081659315060736_o-1024x768.jpg 1024w, https:\/\/primermomento.com\/wp-content\/uploads\/2018\/09\/42107469_1922925371119672_3221081659315060736_o-120x90.jpg 120w, https:\/\/primermomento.com\/wp-content\/uploads\/2018\/09\/42107469_1922925371119672_3221081659315060736_o-500x375.jpg 500w, https:\/\/primermomento.com\/wp-content\/uploads\/2018\/09\/42107469_1922925371119672_3221081659315060736_o-280x210.jpg 280w, https:\/\/primermomento.com\/wp-content\/uploads\/2018\/09\/42107469_1922925371119672_3221081659315060736_o-638x479.jpg 638w, https:\/\/primermomento.com\/wp-content\/uploads\/2018\/09\/42107469_1922925371119672_3221081659315060736_o-118x89.jpg 118w, https:\/\/primermomento.com\/wp-content\/uploads\/2018\/09\/42107469_1922925371119672_3221081659315060736_o-479x359.jpg 479w, https:\/\/primermomento.com\/wp-content\/uploads\/2018\/09\/42107469_1922925371119672_3221081659315060736_o.jpg 1440w\" sizes=\"auto, (max-width: 300px) 100vw, 300px\" \/>Los dirigentes presentaron varias propuestas que justifican una nueva estructura org\u00e1nica en el Comit\u00e9 de Circunscripciones Electorales en esos organismos pol\u00edticos en el exterior.<\/p>\n<p>Asistieron representantes, dirigentes y miembros de las seccionales de Nueva York, Nueva Jesey, Rhode Island, Masachussettes, Meryland y Pensylvania, las cuales conforman la Circunscripci\u00f3n n\u00famero uno de ultramar, que incluye a a Estados Unidos y Canad\u00e1. El representante del PRM en este \u00faltimo pa\u00eds\u00a0estuvo ausente.<\/p>\n<p>Las propuestas entregadas por escrito a los participantes deber\u00e1n ser estudiadas y en un segundo Encuentro Institucional ser\u00edan aprobadas y posteriormente sometidas en la celebraci\u00f3n del Congreso que habr\u00e1 de efectuar muy pronto.<\/p>\n<p>Se espera que la aprobaci\u00f3n de dichas propuestas reducir\u00e1 la burocracia partidaria y facilitar\u00e1 un mejor desempe\u00f1o de los organismos de trabajo pol\u00edtico del PRM en el exterior.<\/p>\n<p>Entre los presidentes de seccionales que asistieron al evento del domingo figuran Neftal\u00ed Fuerte (Nueva York), anfitri\u00f3n, Palmenio Pacheco y Roberto Suarez, presidente y secretario general del PRM en Rhode Island; Raffy Ley Taveras, presidente en Maryland, y\u00a0Ram\u00f3n Marte, en representaci\u00f3n de Pensylvania.<\/p>\n<p>Aunque el presidente en Nueva Jersey no pudo asistir, envi\u00f3 una excusa y estuvo representado por una amplia delegaci\u00f3n, al igual de la seccional de Masachussetts, Pedro Herrera.<\/p>\n<p>Participaron tambi\u00e9n Juan Santana, presidente de la Macro Regi\u00f3n Central del PRM;\u00a0 Dar\u00edo Made, miembro de ese organismo.<\/p>\n<p>En calidad de miembros de la seccional de Nueva York asistieron Alejandro Rodr\u00edguez (Tont\u00f3n), Nelson Malone, Ram\u00f3n Pierret Ortiz, Roberto Fleurimont, Di\u00f3genes de los Santos, Felipe Mercedes, Erasmo Chalas Tejeda, Johanna Miranda (La Beba), William Aquino, Mon\u00edn Almonte, Juanita Mart\u00ednez, V\u00edctor Guaba Taveras, Mariluz Ferm\u00edn, Ricardo V\u00e1squez, Frankyn Trinidad, Jos\u00e9 G\u00f3mez, Felipe Minaya, Modesto Liranzo, Monchy Nicasio, Alexis Fern\u00e1ndez, Jhonny Lizardo, Jos\u00e9 Luis Henr\u00edquez, F\u00e9lix Paredes , Julio C\u00e9sar Mateo (Yul\u00edn) y Marco Caridad, entre otro.<\/p>\n<p style=\"text-align: right;\"><span style=\"color: #ff0000;\">Jhonny Trinidad<\/span><\/p>\n<\/div>\n<\/div>\n","protected":false},"excerpt":{"rendered":"<p>NUEVA YORK, Nueva York.- Representantes de las seis seccionales del Partido Revolucionario Moderno (PRM) en circunscripci\u00f3n electoral n\u00famero del exterior realizaron este domingo el Primer Encuentro Institucional. Los dirigentes presentaron varias propuestas que justifican una nueva estructura org\u00e1nica en el Comit\u00e9 de Circunscripciones Electorales en esos organismos pol\u00edticos en el exterior. Asistieron representantes, dirigentes y [&hellip;]<\/p>\n","protected":false},"author":1,"featured_media":0,"comment_status":"open","ping_status":"open","sticky":false,"template":"","format":"standard","meta":{"_bbp_topic_count":0,"_bbp_reply_count":0,"_bbp_total_topic_count":0,"_bbp_total_reply_count":0,"_bbp_voice_count":0,"_bbp_anonymous_reply_count":0,"_bbp_topic_count_hidden":0,"_bbp_reply_count_hidden":0,"_bbp_forum_subforum_count":0,"footnotes":""},"categories":[60,31],"tags":[],"class_list":{"0":"post-310031","1":"post","2":"type-post","3":"status-publish","4":"format-standard","6":"category-titulares-del-dia","7":"category-estados-unidos"},"_links":{"self":[{"href":"https:\/\/primermomento.com\/index.php?rest_route=\/wp\/v2\/posts\/310031","targetHints":{"allow":["GET"]}}],"collection":[{"href":"https:\/\/primermomento.com\/index.php?rest_route=\/wp\/v2\/posts"}],"about":[{"href":"https:\/\/primermomento.com\/index.php?rest_route=\/wp\/v2\/types\/post"}],"author":[{"embeddable":true,"href":"https:\/\/primermomento.com\/index.php?rest_route=\/wp\/v2\/users\/1"}],"replies":[{"embeddable":true,"href":"https:\/\/primermomento.com\/index.php?rest_route=%2Fwp%2Fv2%2Fcomments&post=310031"}],"version-history":[{"count":1,"href":"https:\/\/primermomento.com\/index.php?rest_route=\/wp\/v2\/posts\/310031\/revisions"}],"predecessor-version":[{"id":310033,"href":"https:\/\/primermomento.com\/index.php?rest_route=\/wp\/v2\/posts\/310031\/revisions\/310033"}],"wp:attachment":[{"href":"https:\/\/primermomento.com\/index.php?rest_route=%2Fwp%2Fv2%2Fmedia&parent=310031"}],"wp:term":[{"taxonomy":"category","embeddable":true,"href":"https:\/\/primermomento.com\/index.php?rest_route=%2Fwp%2Fv2%2Fcategories&post=310031"},{"taxonomy":"post_tag","embeddable":true,"href":"https:\/\/primermomento.com\/index.php?rest_route=%2Fwp%2Fv2%2Ftags&post=310031"}],"curies":[{"name":"wp","href":"https:\/\/api.w.org\/{rel}","templated":true}]}}