{"id":310050,"date":"2018-09-22T07:51:37","date_gmt":"2018-09-22T11:51:37","guid":{"rendered":"http:\/\/primermomento.com\/?p=310050"},"modified":"2018-09-22T07:51:37","modified_gmt":"2018-09-22T11:51:37","slug":"bani-piden-no-usar-rio-nizao-ni-el-canal-marcos-a-cabral","status":"publish","type":"post","link":"https:\/\/primermomento.com\/?p=310050","title":{"rendered":"BAN\u00cd | Piden no usar r\u00edo Nizao ni el canal Marcos A. Cabral"},"content":{"rendered":"<p>BAN\u00cd, Rep\u00fablica Dominicana.- El Indrhi, Defensa Civil y el Centro de Operaciones de Emergencias han informado a la poblaci\u00f3n que reside aguas abajo de la presa de Valdesia y contra embalse de Las Bar\u00edas, que se proh\u00edbe el uso del r\u00edo Nizao para pesca, lavado de veh\u00edculos, actividades deportivas y recreativas.<\/p>\n<p><img loading=\"lazy\" decoding=\"async\" class=\"size-medium wp-image-310051 alignleft\" src=\"http:\/\/primermomento.com\/wp-content\/uploads\/2018\/09\/valdesia-300x240.jpeg\" alt=\"\" width=\"300\" height=\"240\" srcset=\"https:\/\/primermomento.com\/wp-content\/uploads\/2018\/09\/valdesia-300x240.jpeg 300w, https:\/\/primermomento.com\/wp-content\/uploads\/2018\/09\/valdesia-80x63.jpeg 80w, https:\/\/primermomento.com\/wp-content\/uploads\/2018\/09\/valdesia-500x400.jpeg 500w, https:\/\/primermomento.com\/wp-content\/uploads\/2018\/09\/valdesia-275x220.jpeg 275w, https:\/\/primermomento.com\/wp-content\/uploads\/2018\/09\/valdesia-118x94.jpeg 118w, https:\/\/primermomento.com\/wp-content\/uploads\/2018\/09\/valdesia-479x383.jpeg 479w, https:\/\/primermomento.com\/wp-content\/uploads\/2018\/09\/valdesia.jpeg 575w\" sizes=\"auto, (max-width: 300px) 100vw, 300px\" \/>El anuncio lo hizo el Centro de Operaciones de Emergencia (COE), Defensa Civil, el Instituto Nacional de Recursos Hidr\u00e1ulicos (Indrhi) y la Empresa de Generaci\u00f3n Hidroel\u00e9ctrica Dominicana.<\/p>\n<p>\u201cInformamos a la poblaci\u00f3n que reside aguas abajo de la presa de Valdesia y contraembalse Las Barias, que debido al aprovechamiento de la regulaci\u00f3n en la presa de Valdesia, la cual estar\u00e1 generando las dos unidades de turbinas y por tales razones, aumentar\u00e1 los caudales de descarga hacia el r\u00edo Nizao\u201d, inform\u00f3 el general Juan M. M\u00e9ndez, director del Centro de Operaciones de Emergencias.<\/p>\n<p><img loading=\"lazy\" decoding=\"async\" class=\"size-medium wp-image-310052 alignright\" src=\"http:\/\/primermomento.com\/wp-content\/uploads\/2018\/09\/899b78d7-6ba7-4f47-aa62-9b29edeb8720-231x300.jpg\" alt=\"\" width=\"231\" height=\"300\" srcset=\"https:\/\/primermomento.com\/wp-content\/uploads\/2018\/09\/899b78d7-6ba7-4f47-aa62-9b29edeb8720-231x300.jpg 231w, https:\/\/primermomento.com\/wp-content\/uploads\/2018\/09\/899b78d7-6ba7-4f47-aa62-9b29edeb8720-768x997.jpg 768w, https:\/\/primermomento.com\/wp-content\/uploads\/2018\/09\/899b78d7-6ba7-4f47-aa62-9b29edeb8720.jpg 789w, https:\/\/primermomento.com\/wp-content\/uploads\/2018\/09\/899b78d7-6ba7-4f47-aa62-9b29edeb8720-500x649.jpg 500w, https:\/\/primermomento.com\/wp-content\/uploads\/2018\/09\/899b78d7-6ba7-4f47-aa62-9b29edeb8720-170x220.jpg 170w, https:\/\/primermomento.com\/wp-content\/uploads\/2018\/09\/899b78d7-6ba7-4f47-aa62-9b29edeb8720-638x828.jpg 638w, https:\/\/primermomento.com\/wp-content\/uploads\/2018\/09\/899b78d7-6ba7-4f47-aa62-9b29edeb8720-118x153.jpg 118w, https:\/\/primermomento.com\/wp-content\/uploads\/2018\/09\/899b78d7-6ba7-4f47-aa62-9b29edeb8720-479x622.jpg 479w\" sizes=\"auto, (max-width: 231px) 100vw, 231px\" \/>El director del Indrhi, Olgo Fern\u00e1ndez, inform\u00f3 que se aprovechar\u00e1 la operaci\u00f3n para retirar los escombros y desperdicios lanzados por la poblaci\u00f3n en las fuentes acu\u00edferas, tales como troncos que est\u00e1n retenidos en aguas arribas en las compuertas y toma de acueducto.<\/p>\n<p>La medida tendr\u00e1 una duraci\u00f3n de 72 horas a partir de este s\u00e1bado.<\/p>\n<p>Se dijo que los organismos de protecci\u00f3n civil vigilar\u00e1n para que se cumpla con la disposici\u00f3n oficial.<\/p>\n<p>El agua ir\u00e1 al mar, debido a que en el pa\u00eds no hay suficiente embalse que permitan almacenar agua, asegur\u00f3 uno de los funcionarios.<\/p>\n<p>El administrador de la Empresa de Generaci\u00f3n Hidroel\u00e9ctrica Dominicana, Demetrio Lluberes, asegur\u00f3 que el agua aumentar\u00e1 la generaci\u00f3n el\u00e9ctrica.<\/p>\n<p>\u201cLos usuarios en la provincia Peravia solicitaron el cierre de los canales Marcos A. Cabral y Nizao, ya que los suelos est\u00e1n muy saturados debido a las lluvias de Isaac y las que han ca\u00eddo en estos d\u00edas, entonces vamos a aprovecharlas, como ellos no tienen demanda de riego, para descargarla al mar\u201d, sostuvo Fern\u00e1ndez.<\/p>\n<p>Fern\u00e1ndez explic\u00f3 que eso no implicar\u00e1 bajar los caudales de distribuci\u00f3n, ni a Inapa, ni a la Caasd para los acueductos Peravia y San Crist\u00f3bal, a los cuales se les entrega 8.5 c\u00fabitos por segundo.<\/p>\n<p style=\"text-align: right;\"><span style=\"color: #ff0000;\">Primer<\/span>Momento<\/p>\n","protected":false},"excerpt":{"rendered":"<p>BAN\u00cd, Rep\u00fablica Dominicana.- El Indrhi, Defensa Civil y el Centro de Operaciones de Emergencias han informado a la poblaci\u00f3n que reside aguas abajo de la presa de Valdesia y contra embalse de Las Bar\u00edas, que se proh\u00edbe el uso del r\u00edo Nizao para pesca, lavado de veh\u00edculos, actividades deportivas y recreativas. El anuncio lo hizo [&hellip;]<\/p>\n","protected":false},"author":1,"featured_media":0,"comment_status":"open","ping_status":"open","sticky":false,"template":"","format":"standard","meta":{"_bbp_topic_count":0,"_bbp_reply_count":0,"_bbp_total_topic_count":0,"_bbp_total_reply_count":0,"_bbp_voice_count":0,"_bbp_anonymous_reply_count":0,"_bbp_topic_count_hidden":0,"_bbp_reply_count_hidden":0,"_bbp_forum_subforum_count":0,"footnotes":""},"categories":[30,60],"tags":[],"class_list":{"0":"post-310050","1":"post","2":"type-post","3":"status-publish","4":"format-standard","6":"category-actualidad","7":"category-titulares-del-dia"},"_links":{"self":[{"href":"https:\/\/primermomento.com\/index.php?rest_route=\/wp\/v2\/posts\/310050","targetHints":{"allow":["GET"]}}],"collection":[{"href":"https:\/\/primermomento.com\/index.php?rest_route=\/wp\/v2\/posts"}],"about":[{"href":"https:\/\/primermomento.com\/index.php?rest_route=\/wp\/v2\/types\/post"}],"author":[{"embeddable":true,"href":"https:\/\/primermomento.com\/index.php?rest_route=\/wp\/v2\/users\/1"}],"replies":[{"embeddable":true,"href":"https:\/\/primermomento.com\/index.php?rest_route=%2Fwp%2Fv2%2Fcomments&post=310050"}],"version-history":[{"count":1,"href":"https:\/\/primermomento.com\/index.php?rest_route=\/wp\/v2\/posts\/310050\/revisions"}],"predecessor-version":[{"id":310053,"href":"https:\/\/primermomento.com\/index.php?rest_route=\/wp\/v2\/posts\/310050\/revisions\/310053"}],"wp:attachment":[{"href":"https:\/\/primermomento.com\/index.php?rest_route=%2Fwp%2Fv2%2Fmedia&parent=310050"}],"wp:term":[{"taxonomy":"category","embeddable":true,"href":"https:\/\/primermomento.com\/index.php?rest_route=%2Fwp%2Fv2%2Fcategories&post=310050"},{"taxonomy":"post_tag","embeddable":true,"href":"https:\/\/primermomento.com\/index.php?rest_route=%2Fwp%2Fv2%2Ftags&post=310050"}],"curies":[{"name":"wp","href":"https:\/\/api.w.org\/{rel}","templated":true}]}}