{"id":310100,"date":"2018-09-24T09:59:42","date_gmt":"2018-09-24T13:59:42","guid":{"rendered":"http:\/\/primermomento.com\/?p=310100"},"modified":"2018-09-24T18:01:45","modified_gmt":"2018-09-24T22:01:45","slug":"vaticinan-derrota-del-pld-si-leonel-gana-nominacion-presidencial","status":"publish","type":"post","link":"https:\/\/primermomento.com\/?p=310100","title":{"rendered":"Vaticinan derrota del PLD si Leonel gana nominaci\u00f3n presidencial"},"content":{"rendered":"<div dir=\"ltr\">\n<div style=\"text-align: left;\">\n<p>NUEVA YORK, Nueva York.- Si el Partido de la Liberaci\u00f3n Dominicana (PLD) elige a Leonel Fern\u00e1ndez como su candidato presidencial para 2020, sufrir\u00e1 una derrota \u00abbochornosa y aplastante\u00bb, vaticin\u00f3 Constantino de la Rosa, presidente del\u00a0Movimiento de Avanzada Electoral.<\/p>\n<p><img loading=\"lazy\" decoding=\"async\" class=\"size-medium wp-image-310101 alignleft\" src=\"http:\/\/primermomento.com\/wp-content\/uploads\/2018\/09\/consta-300x200.jpg\" alt=\"\" width=\"300\" height=\"200\" srcset=\"https:\/\/primermomento.com\/wp-content\/uploads\/2018\/09\/consta-300x200.jpg 300w, https:\/\/primermomento.com\/wp-content\/uploads\/2018\/09\/consta-768x512.jpg 768w, https:\/\/primermomento.com\/wp-content\/uploads\/2018\/09\/consta-73x50.jpg 73w, https:\/\/primermomento.com\/wp-content\/uploads\/2018\/09\/consta-500x333.jpg 500w, https:\/\/primermomento.com\/wp-content\/uploads\/2018\/09\/consta-280x187.jpg 280w, https:\/\/primermomento.com\/wp-content\/uploads\/2018\/09\/consta-60x40.jpg 60w, https:\/\/primermomento.com\/wp-content\/uploads\/2018\/09\/consta-638x425.jpg 638w, https:\/\/primermomento.com\/wp-content\/uploads\/2018\/09\/consta-118x79.jpg 118w, https:\/\/primermomento.com\/wp-content\/uploads\/2018\/09\/consta-479x319.jpg 479w, https:\/\/primermomento.com\/wp-content\/uploads\/2018\/09\/consta.jpg 837w\" sizes=\"auto, (max-width: 300px) 100vw, 300px\" \/>\u00abLeonel garantizar\u00eda una derrota humillante para el PLD, ya que tiene una muy alta tasa de rechazo y su discurso es percibido como demag\u00f3gico por el electorado, contrario al presidente Danilo Medina, quien es visto como un pol\u00edtico honesto y es el que m\u00e1s ha conectado con el pueblo, especialmente con los m\u00e1s necesitados\u00bb, expres\u00f3.<\/p>\n<p>Dijo que \u00abal pueblo no se le ha olvidado que Leonel regal\u00f3 la mayor\u00eda de las empresas del Estado, y las que no, las desfalc\u00f3\u00bb.<\/p>\n<p>\u00abDurante sus gestiones, la mayor\u00eda de empresas e instituciones del Gobierno fueron saqueadas, regaladas o vendidas a precio de vaca muerta\u201d, expres\u00f3.<\/p>\n<p>Record\u00f3 que en los gobiernos de de Fern\u00e1ndez \u00ablos congresistas hac\u00edan un pr\u00e9stamo casi diario dizque para resolver el problema el\u00e9ctrico de la Rep\u00fablica Dominicana, y hoy, 22 a\u00f1os despu\u00e9s, esa situaci\u00f3n ha agravado\u00bb.<\/p>\n<p>\u00abAdem\u00e1s, se firmaron varios contratos &#8216;nebulosos&#8217; y poco transparentes con sectores oscuros, en los cuales al Estado siempre le tocaba la peor parte, como es el caso del que firm\u00f3 con la Barrick Gold, a la que le corresponder\u00eda el 97 por ciento de la ganacia de los yacimientos explotados en Pueblo Viejo, Cotu\u00ed, y al Gobierno solo el 3 por ciento\u00bb, agreg\u00f3.<\/p>\n<p>A\u00f1adi\u00f3 que \u00abtampoco hemos olvidado\u00a0los casos de la Sun Land, los S\u00faper Tucano y otros que estuvieron a punto de enviar a Leonel a la c\u00e1rcel junto a sus principales funcionarios\u00bb.<\/p>\n<p>Asegur\u00f3 que si Fern\u00e1ndez ganara la nominaci\u00f3n presidencial, no obtendr\u00eda el 50 por ciento de los votos, por lo que deb\u00eda medirse en una segunda vuelta con el oponente m\u00e1s cercano. \u00abY ah\u00ed perder\u00e1 abrumadoramente, ya que la Casa Blanca no lo quiere en la Presidencia por sus constantes criticas a la pol\u00edtica de Donald Trump\u00bb, asever\u00f3.<\/p>\n<p style=\"text-align: right;\"><span style=\"color: #ff0000;\">Jhonny Trinidad<\/span><\/p>\n<\/div>\n<\/div>\n<div><\/div>\n","protected":false},"excerpt":{"rendered":"<p>NUEVA YORK, Nueva York.- Si el Partido de la Liberaci\u00f3n Dominicana (PLD) elige a Leonel Fern\u00e1ndez como su candidato presidencial para 2020, sufrir\u00e1 una derrota \u00abbochornosa y aplastante\u00bb, vaticin\u00f3 Constantino de la Rosa, presidente del\u00a0Movimiento de Avanzada Electoral. \u00abLeonel garantizar\u00eda una derrota humillante para el PLD, ya que tiene una muy alta tasa de rechazo [&hellip;]<\/p>\n","protected":false},"author":1,"featured_media":0,"comment_status":"open","ping_status":"open","sticky":false,"template":"","format":"standard","meta":{"_bbp_topic_count":0,"_bbp_reply_count":0,"_bbp_total_topic_count":0,"_bbp_total_reply_count":0,"_bbp_voice_count":0,"_bbp_anonymous_reply_count":0,"_bbp_topic_count_hidden":0,"_bbp_reply_count_hidden":0,"_bbp_forum_subforum_count":0,"footnotes":""},"categories":[60,31],"tags":[],"class_list":{"0":"post-310100","1":"post","2":"type-post","3":"status-publish","4":"format-standard","6":"category-titulares-del-dia","7":"category-estados-unidos"},"_links":{"self":[{"href":"https:\/\/primermomento.com\/index.php?rest_route=\/wp\/v2\/posts\/310100","targetHints":{"allow":["GET"]}}],"collection":[{"href":"https:\/\/primermomento.com\/index.php?rest_route=\/wp\/v2\/posts"}],"about":[{"href":"https:\/\/primermomento.com\/index.php?rest_route=\/wp\/v2\/types\/post"}],"author":[{"embeddable":true,"href":"https:\/\/primermomento.com\/index.php?rest_route=\/wp\/v2\/users\/1"}],"replies":[{"embeddable":true,"href":"https:\/\/primermomento.com\/index.php?rest_route=%2Fwp%2Fv2%2Fcomments&post=310100"}],"version-history":[{"count":1,"href":"https:\/\/primermomento.com\/index.php?rest_route=\/wp\/v2\/posts\/310100\/revisions"}],"predecessor-version":[{"id":310102,"href":"https:\/\/primermomento.com\/index.php?rest_route=\/wp\/v2\/posts\/310100\/revisions\/310102"}],"wp:attachment":[{"href":"https:\/\/primermomento.com\/index.php?rest_route=%2Fwp%2Fv2%2Fmedia&parent=310100"}],"wp:term":[{"taxonomy":"category","embeddable":true,"href":"https:\/\/primermomento.com\/index.php?rest_route=%2Fwp%2Fv2%2Fcategories&post=310100"},{"taxonomy":"post_tag","embeddable":true,"href":"https:\/\/primermomento.com\/index.php?rest_route=%2Fwp%2Fv2%2Ftags&post=310100"}],"curies":[{"name":"wp","href":"https:\/\/api.w.org\/{rel}","templated":true}]}}