{"id":310282,"date":"2018-10-01T13:10:26","date_gmt":"2018-10-01T17:10:26","guid":{"rendered":"http:\/\/primermomento.com\/?p=310282"},"modified":"2018-10-01T15:13:38","modified_gmt":"2018-10-01T19:13:38","slug":"trump-elogia-nuevo-acuerdo-comercial-de-eeuu-con-canada-y-mexico","status":"publish","type":"post","link":"https:\/\/primermomento.com\/?p=310282","title":{"rendered":"Trump elogia nuevo acuerdo comercial de EEUU con Canad\u00e1 y M\u00e9xico"},"content":{"rendered":"<p>WASHINGTON,\u00a0 Distrito de Columbia.- El presidente de Estados Unidos, Donald Trump, celebr\u00f3 el lunes el nuevo acuerdo comercial trilateral alcanzado con Canad\u00e1 y que incluye a M\u00e9xico, catalogando de \u00abexitosa\u00bb e \u00abhist\u00f3rica\u00bb la negociaci\u00f3n que le permiti\u00f3 cumplir su promesa de reemplazar el anterior Tratado de Libre Comercio de Am\u00e9rica del Norte (TLCAN).<\/p>\n<figure id=\"attachment_310283\" aria-describedby=\"caption-attachment-310283\" style=\"width: 300px\" class=\"wp-caption alignleft\"><img loading=\"lazy\" decoding=\"async\" class=\"size-medium wp-image-310283\" src=\"http:\/\/primermomento.com\/wp-content\/uploads\/2018\/10\/trump-y-el-TLC-300x169.jpg\" alt=\"\" width=\"300\" height=\"169\" srcset=\"https:\/\/primermomento.com\/wp-content\/uploads\/2018\/10\/trump-y-el-TLC-300x169.jpg 300w, https:\/\/primermomento.com\/wp-content\/uploads\/2018\/10\/trump-y-el-TLC-768x432.jpg 768w, https:\/\/primermomento.com\/wp-content\/uploads\/2018\/10\/trump-y-el-TLC-478x270.jpg 478w, https:\/\/primermomento.com\/wp-content\/uploads\/2018\/10\/trump-y-el-TLC-500x281.jpg 500w, https:\/\/primermomento.com\/wp-content\/uploads\/2018\/10\/trump-y-el-TLC-280x157.jpg 280w, https:\/\/primermomento.com\/wp-content\/uploads\/2018\/10\/trump-y-el-TLC-638x359.jpg 638w, https:\/\/primermomento.com\/wp-content\/uploads\/2018\/10\/trump-y-el-TLC-118x66.jpg 118w, https:\/\/primermomento.com\/wp-content\/uploads\/2018\/10\/trump-y-el-TLC-479x269.jpg 479w, https:\/\/primermomento.com\/wp-content\/uploads\/2018\/10\/trump-y-el-TLC.jpg 1023w\" sizes=\"auto, (max-width: 300px) 100vw, 300px\" \/><figcaption id=\"caption-attachment-310283\" class=\"wp-caption-text\">El presidente Donald Trump celebra el lunes 1 de octubre de 2018 el nuevo Tratado Comercial trilateral con Canad\u00e1 que incluye a M\u00e9xico en declaraciones en la Casa Blanca.<\/figcaption><\/figure>\n<p>Tras intensas discusiones de \u00faltimo minuto previo a la fecha l\u00edmite, funcionarios de EE.UU. y Canad\u00e1 anunciaron el domingo en la noche que llegaron a un acuerdo.<\/p>\n<p>El presidente Trump y sus contrapartes canadiense y mexicano firmar\u00e1n en 60 d\u00edas el Acuerdo EE.UU.-M\u00e9xico-Canad\u00e1, (USMCA, por sus siglas en ingl\u00e9s), que sustenta el comercio anual de 1,2 billones de d\u00f3lares entre los tres pa\u00edses.<\/p>\n<p>Trump dijo que el nuevo TLCAN generar\u00e1 miles de puestos de trabajo en EE.UU. Adem\u00e1s asegur\u00f3 que ambos socios comerciales aceptaron disposiciones laborales, de propiedad intelectual y medioambientales en el nuevo acuerdo.<\/p>\n<p>\u00abEstas medidas apoyar\u00e1n muchos, cientos de miles, de empleos estadounidenses\u00bb, dijo Trump en declaraciones en la Casa Blanca.<\/p>\n<p>Explic\u00f3 que se benefician sectores como manufactura, agricultura, tecnolog\u00eda y servicios financieros. Trump dijo que el trato otorgar\u00e1 a los agricultores de EE.UU. mayor acceso para exportar trigo, carne de aves, huevos y productos l\u00e1cteos.<\/p>\n<p>Trump dijo que es el \u00abacuerdo comercial m\u00e1s moderno, actualizado y equilibrado\u00bb en la historia de Estados Unidos.<\/p>\n<h3 class=\"wsw__h3\">\u00abGran trato\u00bb<\/h3>\n<p>M\u00e1s temprano el lunes, Trump hab\u00eda elogiado el nuevo pacto: \u00abLlegamos a un nuevo y maravilloso acuerdo comercial con Canad\u00e1, que se agregar\u00e1 al acuerdo alcanzado con M\u00e9xico\u00bb.<\/p>\n<p>\u00abEs un gran trato para los tres pa\u00edses, resuelve muchas deficiencias y errores de TLCAN, abre en gran medida los mercados a nuestros agricultores y fabricantes, reduce las barreras comerciales a EE.UU. y unir\u00e1 a las tres grandes naciones en competencia con el resto del mundo. \u00a1La USMCA es una transacci\u00f3n hist\u00f3rica!\u00bb, escribi\u00f3 Trump en Twitter.<\/p>\n<div class=\"clear\">\n<p>\u00abCreemos que este es un acuerdo fant\u00e1stico para Estados Unidos\u00bb, dijo un alto funcionario de la administraci\u00f3n a los periodistas en una conferencia de prensa convocada apresuradamente, y agreg\u00f3 que es \u00abuna gran victoria para el presidente\u00bb.<\/p>\n<p>El nuevo acuerdo es una reelaboraci\u00f3n del Tratado de Libre Comercio de Am\u00e9rica del Norte de 1994.<\/p>\n<p>Desde su campa\u00f1a electoral en 2016, Trump hab\u00eda criticado el TLCAN. El tema fue una pieza importante en su carrera para llegar a la Casa Blanca.<\/p>\n<p>\u00abEl peor acuerdo comercial jam\u00e1s firmado en ninguna parte, pero sin duda alguna firmado en este pa\u00eds\u00bb, dijo Trump aludiendo al TLCAN y lo culp\u00f3 de la p\u00e9rdida de empleos en la industria estadounidense.<\/p>\n<p>Cambiar TLCAN y reducir el d\u00e9ficit comercial de EE.UU. fue de las principales promesas de campa\u00f1a de Trump.<\/p>\n<p>Joshua Meltzer, investigador en el Programa de Econom\u00eda Global y Desarrollo en Brookings Institution, dijo el lunes que se trata de una \u00abactualizaci\u00f3n\u00bb de un acuerdo que ten\u00eda m\u00e1s de 20 a\u00f1os.<\/p>\n<p>El experto opina que el nuevo trato \u00abreduce el nivel de ansiedad sobre c\u00f3mo la administraci\u00f3n iba a cuadrar su ret\u00f3rica sobre el comercio con un acuerdo comercial real\u00bb.<\/p>\n<p>\u00abCiertamente vemos un aumento del proteccionismo en algunas \u00e1reas, particularmente en el sector automotriz. Pero en general es una actualizaci\u00f3n de un acuerdo comercial, es integral, y es en gran medida bueno para mejorar la integraci\u00f3n entre las tres econom\u00edas\u00bb, dijo Meltzer.<\/p>\n<h3 class=\"wsw__h3\">\u200bComunicado conjunto EE.UU. &#8211; Canad\u00e1<\/h3>\n<p>Es probable que el Congreso de EE. UU. act\u00fae sobre el nuevo acuerdo el pr\u00f3ximo a\u00f1o. Su destino en manos de los legisladores estadounidenses sigue siendo incierto, especialmente si los dem\u00f3cratas recuperan el control de la C\u00e1mara de Representantes en las elecciones legislativas de noviembre.<\/p>\n<p>\u00abUSMCA dar\u00e1 a nuestros trabajadores, agricultores, rancheros y empresas un acuerdo comercial de alto nivel que generar\u00e1 mercados m\u00e1s libres, un comercio m\u00e1s justo y un crecimiento econ\u00f3mico s\u00f3lido en nuestra regi\u00f3n\u00bb, dijeron el representante comercial de EE.UU. Robert Lighthizer y la ministra de Asuntos Exteriores de Canad\u00e1, Chrystia Freeland en una declaraci\u00f3n conjunta.<\/p>\n<p>\u00abFortalecer\u00e1 a la clase media y crear\u00e1 empleos buenos y bien remunerados y nuevas oportunidades para el casi medio bill\u00f3n de personas que llaman hogar a Am\u00e9rica del Norte\u00bb, indic\u00f3 el texto.<\/p>\n<p>El acuerdo de EE.UU. con Canad\u00e1 impulsar\u00e1 el acceso estadounidense al mercado l\u00e1cteo canadiense con algunas concesiones en su sistema de administraci\u00f3n de suministros fuertemente protegido, mientras protege a los canadienses de posibles aranceles automotrices en EE.UU.<\/p>\n<p>Sin embargo, las tarifas al acero y aluminio impuestas por Washington se mantendr\u00e1n. Canad\u00e1 hab\u00eda exigido protecci\u00f3n de los aranceles de Trump sobre el acero y aluminio importados.<\/p>\n<p>Las discusiones sobre los aranceles de los metales est\u00e1n en una \u00abpista completamente separada\u00bb, seg\u00fan dijo un alto funcionario de EE.UU.<\/p>\n<p>En una gran victoria para Canad\u00e1, dado que el sistema de resoluci\u00f3n de disputas del Cap\u00edtulo 19 del TLCAN permanecer\u00e1 intacto.<\/p>\n<p>Al concluir una reuni\u00f3n del gabinete de 75 minutos el domingo por la noche, el primer ministro canadiense, Justin Trudeau, dijo que era \u00abun buen d\u00eda para Canad\u00e1\u00bb.<\/p>\n<p>La administraci\u00f3n Trump hab\u00eda impuesto un plazo hasta la medianoche del domingo para que el gobierno de Trudeau llegara a un acuerdo sobre un TLCAN actualizado, o se quedar\u00eda fuera del tratado.<\/p>\n<p>\u00abEsta fecha l\u00edmite era real\u00bb, seg\u00fan un alto funcionario de EE.UU. \u00abTerminamos en un buen lugar que finalmente creemos que es un buen negocio para los tres pa\u00edses\u00bb.<\/p>\n<p>Los funcionarios estadounidenses, en las \u00faltimas semanas, hab\u00edan insistido en que el texto para un nuevo acuerdo, ya sea con M\u00e9xico o que incluyese a Canad\u00e1, ser\u00eda lanzado antes del 30 de septiembre para cumplir con los requisitos de notificaci\u00f3n del Congreso y permitir que el saliente presidente mexicano Enrique Pe\u00f1a Nieto sea capaz de firmar el acuerdo antes de que suceda a Andr\u00e9s Manuel L\u00f3pez Obrador, un populista de izquierda.<\/p>\n<p>El gobierno de Canad\u00e1 hab\u00eda enfrentado una fuerte oposici\u00f3n a los elementos del pacto revisado por parte de los productores lecheros del pa\u00eds. Los votantes de Quebec, que tiene 354,000 vacas lecheras, la mayor cantidad de cualquier provincia canadiense, se dirigen a las urnas para las elecciones provinciales el lunes, lo que ensombreci\u00f3 las negociaciones de \u00faltimo minuto.<\/p>\n<p>La Asociaci\u00f3n Nacional de Fabricantes (NAM) en EE.UU. se declar\u00f3 \u00abextremadamente alentada\u00bb por los detalles iniciales del nuevo pacto trilateral.<\/p>\n<p>\u00abAl revisar el texto del acuerdo, buscaremos asegurar que este acuerdo abra los mercados, eleve los est\u00e1ndares, proporcione aplicaci\u00f3n y modernice las reglas comerciales para que los fabricantes de EE.UU. puedan hacer crecer nuestra econom\u00eda\u00bb, dijo el presidente y director ejecutivo de NAM, Jay Timmons.<\/p>\n<p>\u00abEsta administraci\u00f3n est\u00e1 comprometida con la aplicaci\u00f3n fuerte y efectiva de este acuerdo\u00bb, dijo un alto funcionario de EE.UU. a periodistas. \u00abEsto no va a ser solo palabras en papel. Esto es real\u00bb.<\/p>\n<p style=\"text-align: right;\"><span style=\"color: #ff0000;\"><em>VOANEWS<\/em><\/span><\/p>\n<\/div>\n<div class=\"wsw__embed\">\n<div class=\"infgraphicsAttach\">\n<div class=\"twitterSnippetProcessed\"><\/div>\n<\/div>\n<\/div>\n","protected":false},"excerpt":{"rendered":"<p>WASHINGTON,\u00a0 Distrito de Columbia.- El presidente de Estados Unidos, Donald Trump, celebr\u00f3 el lunes el nuevo acuerdo comercial trilateral alcanzado con Canad\u00e1 y que incluye a M\u00e9xico, catalogando de \u00abexitosa\u00bb e \u00abhist\u00f3rica\u00bb la negociaci\u00f3n que le permiti\u00f3 cumplir su promesa de reemplazar el anterior Tratado de Libre Comercio de Am\u00e9rica del Norte (TLCAN). Tras intensas [&hellip;]<\/p>\n","protected":false},"author":1,"featured_media":0,"comment_status":"open","ping_status":"open","sticky":false,"template":"","format":"standard","meta":{"_bbp_topic_count":0,"_bbp_reply_count":0,"_bbp_total_topic_count":0,"_bbp_total_reply_count":0,"_bbp_voice_count":0,"_bbp_anonymous_reply_count":0,"_bbp_topic_count_hidden":0,"_bbp_reply_count_hidden":0,"_bbp_forum_subforum_count":0,"footnotes":""},"categories":[35,60],"tags":[],"class_list":{"0":"post-310282","1":"post","2":"type-post","3":"status-publish","4":"format-standard","6":"category-economia","7":"category-titulares-del-dia"},"_links":{"self":[{"href":"https:\/\/primermomento.com\/index.php?rest_route=\/wp\/v2\/posts\/310282","targetHints":{"allow":["GET"]}}],"collection":[{"href":"https:\/\/primermomento.com\/index.php?rest_route=\/wp\/v2\/posts"}],"about":[{"href":"https:\/\/primermomento.com\/index.php?rest_route=\/wp\/v2\/types\/post"}],"author":[{"embeddable":true,"href":"https:\/\/primermomento.com\/index.php?rest_route=\/wp\/v2\/users\/1"}],"replies":[{"embeddable":true,"href":"https:\/\/primermomento.com\/index.php?rest_route=%2Fwp%2Fv2%2Fcomments&post=310282"}],"version-history":[{"count":1,"href":"https:\/\/primermomento.com\/index.php?rest_route=\/wp\/v2\/posts\/310282\/revisions"}],"predecessor-version":[{"id":310284,"href":"https:\/\/primermomento.com\/index.php?rest_route=\/wp\/v2\/posts\/310282\/revisions\/310284"}],"wp:attachment":[{"href":"https:\/\/primermomento.com\/index.php?rest_route=%2Fwp%2Fv2%2Fmedia&parent=310282"}],"wp:term":[{"taxonomy":"category","embeddable":true,"href":"https:\/\/primermomento.com\/index.php?rest_route=%2Fwp%2Fv2%2Fcategories&post=310282"},{"taxonomy":"post_tag","embeddable":true,"href":"https:\/\/primermomento.com\/index.php?rest_route=%2Fwp%2Fv2%2Ftags&post=310282"}],"curies":[{"name":"wp","href":"https:\/\/api.w.org\/{rel}","templated":true}]}}