{"id":310620,"date":"2018-10-08T19:32:40","date_gmt":"2018-10-08T23:32:40","guid":{"rendered":"http:\/\/primermomento.com\/?p=310620"},"modified":"2018-10-08T19:32:40","modified_gmt":"2018-10-08T23:32:40","slug":"movimiento-patria-para-todos-critica-endeudamiento-dominicano","status":"publish","type":"post","link":"https:\/\/primermomento.com\/?p=310620","title":{"rendered":"Movimiento Patria para Todos critica endeudamiento dominicano"},"content":{"rendered":"<div class=\"fullNewsIntrotext\">SANTO DOMINGO, Rep\u00fablica Dominicana.- El presidente del Movimiento Patria para Todos (MPT), Fulgencio Severino, critic\u00f3 hoy en esta capital \u00bbel peligroso endeudamiento p\u00fablico de la Rep\u00fablica Dominicana\u00bb.<\/div>\n<div><\/div>\n<div class=\"fullNewsFulltext\">\n<figure id=\"attachment_310621\" aria-describedby=\"caption-attachment-310621\" style=\"width: 300px\" class=\"wp-caption alignleft\"><img loading=\"lazy\" decoding=\"async\" class=\"size-medium wp-image-310621\" src=\"http:\/\/primermomento.com\/wp-content\/uploads\/2018\/10\/Fulgencio-Severino-300x200.jpg\" alt=\"\" width=\"300\" height=\"200\" srcset=\"https:\/\/primermomento.com\/wp-content\/uploads\/2018\/10\/Fulgencio-Severino-300x200.jpg 300w, https:\/\/primermomento.com\/wp-content\/uploads\/2018\/10\/Fulgencio-Severino-73x50.jpg 73w, https:\/\/primermomento.com\/wp-content\/uploads\/2018\/10\/Fulgencio-Severino.jpg 500w, https:\/\/primermomento.com\/wp-content\/uploads\/2018\/10\/Fulgencio-Severino-280x186.jpg 280w, https:\/\/primermomento.com\/wp-content\/uploads\/2018\/10\/Fulgencio-Severino-60x40.jpg 60w, https:\/\/primermomento.com\/wp-content\/uploads\/2018\/10\/Fulgencio-Severino-118x79.jpg 118w, https:\/\/primermomento.com\/wp-content\/uploads\/2018\/10\/Fulgencio-Severino-479x319.jpg 479w\" sizes=\"auto, (max-width: 300px) 100vw, 300px\" \/><figcaption id=\"caption-attachment-310621\" class=\"wp-caption-text\">Fulgencio Severino, presidente del Movimiento Patria para Todos.<\/figcaption><\/figure>\n<p>En rueda de prensa efectuada en la sede de la organizaci\u00f3n pol\u00edtica, Severino se\u00f1al\u00f3 que para 2019 el presupuesto requiere un endeudamiento de unos cuatro mil 400 millones de d\u00f3lares, de los cuales mil 700 millones ser\u00e1n dedicados a amortiguar capital y casi tres mil millones para el pago de intereses.<\/p>\n<p>El pago de intereses de la deuda p\u00fablica, incluyendo la del Banco Central, representa el 4,2 por ciento del Producto Interno Bruto, lo cual es superior a la inversi\u00f3n en educaci\u00f3n y m\u00e1s del doble en Salud P\u00fablica, agreg\u00f3.<\/p>\n<p>Asimismo dijo como el problema de este endeudamiento es que su pago es con m\u00e1s deuda, y sostuvo &#8216;ese camino es peligroso y el ejecutivo lleva el pa\u00eds hacia un derrotero financiero, pues cada a\u00f1o demanda m\u00e1s recursos para garantizar los pagos y pronto estar\u00e1 el pa\u00eds en una situaci\u00f3n de impago y en una crisis financiera&#8217;.<\/p>\n<p>El dirigente pol\u00edtico tambi\u00e9n reclam\u00f3 se destinen suficientes recursos para apoyar la producci\u00f3n de bienes agropecuarios e industriales, a fin de garantizar la soberan\u00eda alimentaria, la creaci\u00f3n de empleos de calidad para j\u00f3venes y mujeres e invertir no menos de un tres o cuatro por ciento del presupuesto en el sector salud.<\/p>\n<p>Por \u00faltimo, manifest\u00f3 que el MPT exige al presidente, Danilo Medina, y al Congreso &#8216;aumentar la vigilancia y activar la fiscalizaci\u00f3n y transparencia para controlar y detener la corrupci\u00f3n administrativa la cual se apropia de entre el 20 y 25 por ciento del Presupuesto en detrimento de las inversiones necesarias para reducir la pobreza y el atraso.<\/p><\/div>\n<div><\/div>\n<div style=\"text-align: right;\"><span style=\"color: #ff0000;\"><em>PL<\/em><\/span><\/div>\n<div><\/div>\n","protected":false},"excerpt":{"rendered":"<p>SANTO DOMINGO, Rep\u00fablica Dominicana.- El presidente del Movimiento Patria para Todos (MPT), Fulgencio Severino, critic\u00f3 hoy en esta capital \u00bbel peligroso endeudamiento p\u00fablico de la Rep\u00fablica Dominicana\u00bb. En rueda de prensa efectuada en la sede de la organizaci\u00f3n pol\u00edtica, Severino se\u00f1al\u00f3 que para 2019 el presupuesto requiere un endeudamiento de unos cuatro mil 400 millones [&hellip;]<\/p>\n","protected":false},"author":1,"featured_media":0,"comment_status":"open","ping_status":"open","sticky":false,"template":"","format":"standard","meta":{"_bbp_topic_count":0,"_bbp_reply_count":0,"_bbp_total_topic_count":0,"_bbp_total_reply_count":0,"_bbp_voice_count":0,"_bbp_anonymous_reply_count":0,"_bbp_topic_count_hidden":0,"_bbp_reply_count_hidden":0,"_bbp_forum_subforum_count":0,"footnotes":""},"categories":[35,60],"tags":[],"class_list":{"0":"post-310620","1":"post","2":"type-post","3":"status-publish","4":"format-standard","6":"category-economia","7":"category-titulares-del-dia"},"_links":{"self":[{"href":"https:\/\/primermomento.com\/index.php?rest_route=\/wp\/v2\/posts\/310620","targetHints":{"allow":["GET"]}}],"collection":[{"href":"https:\/\/primermomento.com\/index.php?rest_route=\/wp\/v2\/posts"}],"about":[{"href":"https:\/\/primermomento.com\/index.php?rest_route=\/wp\/v2\/types\/post"}],"author":[{"embeddable":true,"href":"https:\/\/primermomento.com\/index.php?rest_route=\/wp\/v2\/users\/1"}],"replies":[{"embeddable":true,"href":"https:\/\/primermomento.com\/index.php?rest_route=%2Fwp%2Fv2%2Fcomments&post=310620"}],"version-history":[{"count":1,"href":"https:\/\/primermomento.com\/index.php?rest_route=\/wp\/v2\/posts\/310620\/revisions"}],"predecessor-version":[{"id":310622,"href":"https:\/\/primermomento.com\/index.php?rest_route=\/wp\/v2\/posts\/310620\/revisions\/310622"}],"wp:attachment":[{"href":"https:\/\/primermomento.com\/index.php?rest_route=%2Fwp%2Fv2%2Fmedia&parent=310620"}],"wp:term":[{"taxonomy":"category","embeddable":true,"href":"https:\/\/primermomento.com\/index.php?rest_route=%2Fwp%2Fv2%2Fcategories&post=310620"},{"taxonomy":"post_tag","embeddable":true,"href":"https:\/\/primermomento.com\/index.php?rest_route=%2Fwp%2Fv2%2Ftags&post=310620"}],"curies":[{"name":"wp","href":"https:\/\/api.w.org\/{rel}","templated":true}]}}