{"id":310720,"date":"2018-10-11T08:12:16","date_gmt":"2018-10-11T12:12:16","guid":{"rendered":"http:\/\/primermomento.com\/?p=310720"},"modified":"2018-10-11T15:13:53","modified_gmt":"2018-10-11T19:13:53","slug":"suben-reclamos-de-subsidio-por-desempleo-en-estados-unidos","status":"publish","type":"post","link":"https:\/\/primermomento.com\/?p=310720","title":{"rendered":"Suben reclamos de subsidio por desempleo en Estados Unidos"},"content":{"rendered":"<div class=\"fullNewsIntrotext\">WASHINGTON, Distrito de Columbia.- Las solicitudes de subsidio por desempleo en Estados Unidos aumentaron la semana pasada en siete mil con respecto a la cantidad del per\u00edodo precedente, cuando cayeron, comunic\u00f3 hoy el Departamento del Trabajo.<\/div>\n<div><\/div>\n<div class=\"fullNewsFulltext\"><img loading=\"lazy\" decoding=\"async\" class=\"size-medium wp-image-286872 alignleft\" src=\"http:\/\/primermomento.com\/wp-content\/uploads\/2017\/02\/desempleo1-300x168.jpg\" alt=\"\" width=\"300\" height=\"168\" \/>Hasta el pasado 6 de octubre, precis\u00f3 el reporte oficial, se registraron 214 mil pedidos, cantidad superior al pron\u00f3stico de los expertos en el asunto.<\/p>\n<p>Ahora, las semanas consecutivas cuyos totales de demandas no superan la barrera de 300 mil ascienden a 188, lo cual es considerado una buena se\u00f1al del mercado laboral.<\/p>\n<p>Por otra parte, el n\u00famero de personas que recibe el subsidio permanente debido a la carencia de trabajo creci\u00f3 en cuatro mil despu\u00e9s de una revisi\u00f3n al alza de ese indicador, y se mantuvo los siete d\u00edas concluidos el 29 de septiembre por debajo de los dos millones (1,66).<\/p>\n<p>El \u00edndice de desempleo en Estados Unidos concluy\u00f3 septiembre, cuando surgieron 134 mil nuevos puestos laborales, en 3,7 por ciento, dos d\u00e9cimas menos que el registro del mes precedente y julio.<\/p><\/div>\n<div><\/div>\n<div style=\"text-align: right;\"><span style=\"color: #ff0000;\"><em>PL<\/em><\/span><\/div>\n","protected":false},"excerpt":{"rendered":"<p>WASHINGTON, Distrito de Columbia.- Las solicitudes de subsidio por desempleo en Estados Unidos aumentaron la semana pasada en siete mil con respecto a la cantidad del per\u00edodo precedente, cuando cayeron, comunic\u00f3 hoy el Departamento del Trabajo. Hasta el pasado 6 de octubre, precis\u00f3 el reporte oficial, se registraron 214 mil pedidos, cantidad superior al pron\u00f3stico [&hellip;]<\/p>\n","protected":false},"author":1,"featured_media":0,"comment_status":"open","ping_status":"open","sticky":false,"template":"","format":"standard","meta":{"_bbp_topic_count":0,"_bbp_reply_count":0,"_bbp_total_topic_count":0,"_bbp_total_reply_count":0,"_bbp_voice_count":0,"_bbp_anonymous_reply_count":0,"_bbp_topic_count_hidden":0,"_bbp_reply_count_hidden":0,"_bbp_forum_subforum_count":0,"footnotes":""},"categories":[35,60],"tags":[],"class_list":{"0":"post-310720","1":"post","2":"type-post","3":"status-publish","4":"format-standard","6":"category-economia","7":"category-titulares-del-dia"},"_links":{"self":[{"href":"https:\/\/primermomento.com\/index.php?rest_route=\/wp\/v2\/posts\/310720","targetHints":{"allow":["GET"]}}],"collection":[{"href":"https:\/\/primermomento.com\/index.php?rest_route=\/wp\/v2\/posts"}],"about":[{"href":"https:\/\/primermomento.com\/index.php?rest_route=\/wp\/v2\/types\/post"}],"author":[{"embeddable":true,"href":"https:\/\/primermomento.com\/index.php?rest_route=\/wp\/v2\/users\/1"}],"replies":[{"embeddable":true,"href":"https:\/\/primermomento.com\/index.php?rest_route=%2Fwp%2Fv2%2Fcomments&post=310720"}],"version-history":[{"count":1,"href":"https:\/\/primermomento.com\/index.php?rest_route=\/wp\/v2\/posts\/310720\/revisions"}],"predecessor-version":[{"id":310721,"href":"https:\/\/primermomento.com\/index.php?rest_route=\/wp\/v2\/posts\/310720\/revisions\/310721"}],"wp:attachment":[{"href":"https:\/\/primermomento.com\/index.php?rest_route=%2Fwp%2Fv2%2Fmedia&parent=310720"}],"wp:term":[{"taxonomy":"category","embeddable":true,"href":"https:\/\/primermomento.com\/index.php?rest_route=%2Fwp%2Fv2%2Fcategories&post=310720"},{"taxonomy":"post_tag","embeddable":true,"href":"https:\/\/primermomento.com\/index.php?rest_route=%2Fwp%2Fv2%2Ftags&post=310720"}],"curies":[{"name":"wp","href":"https:\/\/api.w.org\/{rel}","templated":true}]}}