{"id":311201,"date":"2018-10-23T10:15:18","date_gmt":"2018-10-23T14:15:18","guid":{"rendered":"http:\/\/primermomento.com\/?p=311201"},"modified":"2018-10-23T18:17:55","modified_gmt":"2018-10-23T22:17:55","slug":"crecio-la-economia-69-por-ciento-de-enero-a-septiembre","status":"publish","type":"post","link":"https:\/\/primermomento.com\/?p=311201","title":{"rendered":"Creci\u00f3 la econom\u00eda 6,9 por ciento de enero a septiembre"},"content":{"rendered":"<div class=\"fullNewsIntrotext\">SANTO DOMINGO, Rep\u00fablica Dominicana.- La econom\u00eda dominicana creci\u00f3 de enero a septiembre de 2018 en 6,9 por ciento sustentada en un comportamiento positivo de casi todas las actividades, inform\u00f3 hoy el gobernador del Banco Central, H\u00e9ctor Valdez.<\/div>\n<div><\/div>\n<div class=\"fullNewsFulltext\">\n<figure id=\"attachment_309516\" aria-describedby=\"caption-attachment-309516\" style=\"width: 300px\" class=\"wp-caption alignleft\"><img loading=\"lazy\" decoding=\"async\" class=\"size-medium wp-image-309516\" src=\"http:\/\/primermomento.com\/wp-content\/uploads\/2018\/09\/Valdez-Albizu-300x200.jpg\" alt=\"\" width=\"300\" height=\"200\" srcset=\"https:\/\/primermomento.com\/wp-content\/uploads\/2018\/09\/Valdez-Albizu-300x200.jpg 300w, https:\/\/primermomento.com\/wp-content\/uploads\/2018\/09\/Valdez-Albizu-73x50.jpg 73w, https:\/\/primermomento.com\/wp-content\/uploads\/2018\/09\/Valdez-Albizu-500x333.jpg 500w, https:\/\/primermomento.com\/wp-content\/uploads\/2018\/09\/Valdez-Albizu-280x186.jpg 280w, https:\/\/primermomento.com\/wp-content\/uploads\/2018\/09\/Valdez-Albizu-60x40.jpg 60w, https:\/\/primermomento.com\/wp-content\/uploads\/2018\/09\/Valdez-Albizu-638x425.jpg 638w, https:\/\/primermomento.com\/wp-content\/uploads\/2018\/09\/Valdez-Albizu-118x79.jpg 118w, https:\/\/primermomento.com\/wp-content\/uploads\/2018\/09\/Valdez-Albizu-479x319.jpg 479w, https:\/\/primermomento.com\/wp-content\/uploads\/2018\/09\/Valdez-Albizu.jpg 748w\" sizes=\"auto, (max-width: 300px) 100vw, 300px\" \/><figcaption id=\"caption-attachment-309516\" class=\"wp-caption-text\">H\u00e9ctor Valdez.<\/figcaption><\/figure>\n<p>Agreg\u00f3 que solo en septiembre, el Indice Mensual de Actividad Econ\u00f3mica aument\u00f3 en 8,6 por ciento y los sectores de mejores resultados en ese mes fueron zonas francas con 12 por ciento, la construcci\u00f3n con 10,9 y el comercio con 8,9.<\/p>\n<p>Valdez expres\u00f3 que de acuerdo con los \u00faltimos datos disponibles, en el trimestre julio-septiembre el desempleo baj\u00f3 en el pa\u00eds a 5,5 por ciento.<\/p>\n<p>Sin embargo, alert\u00f3 acerca de la tendencia alcista de los precios petroleros en los mercados internacionales, lo cual generar\u00e1 un d\u00e9ficit de cuenta corriente a finalizar este a\u00f1o de menos uno por ciento, ocasionado por el aumento en un 38,1 por ciento de la factura petrolera.<\/p>\n<p>El funcionario indic\u00f3 que pese al adverso escenario latinoamericano, el Fondo Monetario Internacional en su \u00faltima revisi\u00f3n aument\u00f3 a 6,4 por ciento las proyecciones de alza para Dominicana al cierre del 2018.<\/p><\/div>\n<div><\/div>\n<div style=\"text-align: right;\"><span style=\"color: #ff0000;\"><em>PL<\/em><\/span><\/div>\n","protected":false},"excerpt":{"rendered":"<p>SANTO DOMINGO, Rep\u00fablica Dominicana.- La econom\u00eda dominicana creci\u00f3 de enero a septiembre de 2018 en 6,9 por ciento sustentada en un comportamiento positivo de casi todas las actividades, inform\u00f3 hoy el gobernador del Banco Central, H\u00e9ctor Valdez. Agreg\u00f3 que solo en septiembre, el Indice Mensual de Actividad Econ\u00f3mica aument\u00f3 en 8,6 por ciento y los [&hellip;]<\/p>\n","protected":false},"author":1,"featured_media":0,"comment_status":"open","ping_status":"open","sticky":false,"template":"","format":"standard","meta":{"_bbp_topic_count":0,"_bbp_reply_count":0,"_bbp_total_topic_count":0,"_bbp_total_reply_count":0,"_bbp_voice_count":0,"_bbp_anonymous_reply_count":0,"_bbp_topic_count_hidden":0,"_bbp_reply_count_hidden":0,"_bbp_forum_subforum_count":0,"footnotes":""},"categories":[35,60],"tags":[],"class_list":{"0":"post-311201","1":"post","2":"type-post","3":"status-publish","4":"format-standard","6":"category-economia","7":"category-titulares-del-dia"},"_links":{"self":[{"href":"https:\/\/primermomento.com\/index.php?rest_route=\/wp\/v2\/posts\/311201","targetHints":{"allow":["GET"]}}],"collection":[{"href":"https:\/\/primermomento.com\/index.php?rest_route=\/wp\/v2\/posts"}],"about":[{"href":"https:\/\/primermomento.com\/index.php?rest_route=\/wp\/v2\/types\/post"}],"author":[{"embeddable":true,"href":"https:\/\/primermomento.com\/index.php?rest_route=\/wp\/v2\/users\/1"}],"replies":[{"embeddable":true,"href":"https:\/\/primermomento.com\/index.php?rest_route=%2Fwp%2Fv2%2Fcomments&post=311201"}],"version-history":[{"count":1,"href":"https:\/\/primermomento.com\/index.php?rest_route=\/wp\/v2\/posts\/311201\/revisions"}],"predecessor-version":[{"id":311202,"href":"https:\/\/primermomento.com\/index.php?rest_route=\/wp\/v2\/posts\/311201\/revisions\/311202"}],"wp:attachment":[{"href":"https:\/\/primermomento.com\/index.php?rest_route=%2Fwp%2Fv2%2Fmedia&parent=311201"}],"wp:term":[{"taxonomy":"category","embeddable":true,"href":"https:\/\/primermomento.com\/index.php?rest_route=%2Fwp%2Fv2%2Fcategories&post=311201"},{"taxonomy":"post_tag","embeddable":true,"href":"https:\/\/primermomento.com\/index.php?rest_route=%2Fwp%2Fv2%2Ftags&post=311201"}],"curies":[{"name":"wp","href":"https:\/\/api.w.org\/{rel}","templated":true}]}}