{"id":311460,"date":"2018-10-29T09:41:12","date_gmt":"2018-10-29T13:41:12","guid":{"rendered":"http:\/\/primermomento.com\/?p=311460"},"modified":"2018-10-29T19:43:46","modified_gmt":"2018-10-29T23:43:46","slug":"gobierno-envia-mas-de-cinco-mil-tropas-a-la-frontera-sur","status":"publish","type":"post","link":"https:\/\/primermomento.com\/?p=311460","title":{"rendered":"Gobierno env\u00eda m\u00e1s de cinco mil tropas a la frontera sur"},"content":{"rendered":"<p><span class=\"dateline\">WASHINGTON, Distrito de Columbia.- <\/span>El Gobierno de Estados Unidos enviar\u00e1 5.200 tropas, incluyendo soldados que estar\u00e1n armados, para apoyar los esfuerzos del presidente Donald Trump de asegurar la frontera con M\u00e9xico, dijo un general de alto mando del ej\u00e9rcito el lunes.<\/p>\n<figure id=\"attachment_311461\" aria-describedby=\"caption-attachment-311461\" style=\"width: 300px\" class=\"wp-caption alignleft\"><img loading=\"lazy\" decoding=\"async\" class=\"size-medium wp-image-311461\" src=\"http:\/\/primermomento.com\/wp-content\/uploads\/2018\/10\/tropas-a-frontera-mexico-300x169.jpg\" alt=\"\" width=\"300\" height=\"169\" srcset=\"https:\/\/primermomento.com\/wp-content\/uploads\/2018\/10\/tropas-a-frontera-mexico-300x169.jpg 300w, https:\/\/primermomento.com\/wp-content\/uploads\/2018\/10\/tropas-a-frontera-mexico-768x432.jpg 768w, https:\/\/primermomento.com\/wp-content\/uploads\/2018\/10\/tropas-a-frontera-mexico-478x270.jpg 478w, https:\/\/primermomento.com\/wp-content\/uploads\/2018\/10\/tropas-a-frontera-mexico-500x281.jpg 500w, https:\/\/primermomento.com\/wp-content\/uploads\/2018\/10\/tropas-a-frontera-mexico-280x157.jpg 280w, https:\/\/primermomento.com\/wp-content\/uploads\/2018\/10\/tropas-a-frontera-mexico-638x359.jpg 638w, https:\/\/primermomento.com\/wp-content\/uploads\/2018\/10\/tropas-a-frontera-mexico-118x66.jpg 118w, https:\/\/primermomento.com\/wp-content\/uploads\/2018\/10\/tropas-a-frontera-mexico-479x269.jpg 479w, https:\/\/primermomento.com\/wp-content\/uploads\/2018\/10\/tropas-a-frontera-mexico.jpg 1023w\" sizes=\"auto, (max-width: 300px) 100vw, 300px\" \/><figcaption id=\"caption-attachment-311461\" class=\"wp-caption-text\">El comisionado de la Oficina de Aduanas y Protecci\u00f3n Fronteriza, Kevin McAleenan, anunci\u00f3 el despliegue de tropas a la frontera el lunes, 29 de octubre del 2018.<\/figcaption><\/figure>\n<p>\u201cEl presidente ha dejado claro que la seguridad en la frontera es seguridad nacional\u201d, dijo el general Terrence O\u2019Shaughnessy, jefe del comando militar norte de Estados Unidos en una conferencia de prensa en Washington D.C.<\/p>\n<p>La medida es una respuesta a la llamada \u2018caravana\u2019 de migrantes centroamericanos que sali\u00f3 hace varias semanas de Honduras con la intenci\u00f3n de llegar a pie a Estados Unidos.<\/p>\n<p>Una de las razones por las que se tom\u00f3 esta decisi\u00f3n es la supuesta violencia con la que algunos migrantes forzaron su entrada a Guatemala y M\u00e9xico, seg\u00fan dijo Kevin McAleenan, el comisionado de la Oficina de Aduanas y Protecci\u00f3n Fronteriza de Estados Unidos.<\/p>\n<p>\u201cEllos pasaron por la fuerza en las fronteras\u201d, dijo McAleenan, afirmando que los migrantes casi se \u201camotinaron\u201d en el puente fronterizo que cruza el r\u00edo Suchiate. \u201cMuchos pasaron ilegalmente a trav\u00e9s del r\u00edo\u201d, dijo el comisionado.<\/p>\n<p>McAleenan tambi\u00e9n asegur\u00f3 que el gobierno de EE.UU. est\u00e1 trabajando en conjunto con M\u00e9xico para afrontar la llegada de los migrantes \u201csi llegan en grandes grupos\u201d, sin embargo no entr\u00f3 en detalles sobre de qu\u00e9 se trata esta colaboraci\u00f3n.<\/p>\n<p>El objetivo del desplegamiento de las tropas es \u201cdisuadir [a los migrantes] de intentar cruzar la frontera entre los puertos de entrada\u201d, asegur\u00f3 el comisionado.<\/p>\n<p>Seg\u00fan el derecho internacional y las leyes estadounidensese, un migrante puede solicitar asilo en un puerto de entrada, ya que para pedir este tipo de acceso al pa\u00eds tiene que estar en el territorio de EE.UU., de acuerdo con el Servicio de Ciudadan\u00eda e Inmigraci\u00f3n.<\/p>\n<p>A pesar de que afirm\u00f3 que se procesar\u00e1n las solicitudes de asilo de aquellos migrantes que crucen por los puertos de entrada, el comisionado dijo que \u201ces un punto a considerar\u201d el hecho de que M\u00e9xico haya ofrecido refugio a los viajeros de la caravana.<\/p>\n<p>\u201cSi usted es un migrante econ\u00f3mico, vuelva [a su pa\u00eds] y aplique a la visa apropiada\u201d, dijo McAleenan.<\/p>\n<p style=\"text-align: right;\"><span style=\"color: #ff0000;\"><em>VOANEWS<\/em><\/span><\/p>\n","protected":false},"excerpt":{"rendered":"<p>WASHINGTON, Distrito de Columbia.- El Gobierno de Estados Unidos enviar\u00e1 5.200 tropas, incluyendo soldados que estar\u00e1n armados, para apoyar los esfuerzos del presidente Donald Trump de asegurar la frontera con M\u00e9xico, dijo un general de alto mando del ej\u00e9rcito el lunes. \u201cEl presidente ha dejado claro que la seguridad en la frontera es seguridad nacional\u201d, [&hellip;]<\/p>\n","protected":false},"author":1,"featured_media":0,"comment_status":"open","ping_status":"open","sticky":false,"template":"","format":"standard","meta":{"_bbp_topic_count":0,"_bbp_reply_count":0,"_bbp_total_topic_count":0,"_bbp_total_reply_count":0,"_bbp_voice_count":0,"_bbp_anonymous_reply_count":0,"_bbp_topic_count_hidden":0,"_bbp_reply_count_hidden":0,"_bbp_forum_subforum_count":0,"footnotes":""},"categories":[30,60],"tags":[],"class_list":["post-311460","post","type-post","status-publish","format-standard","category-actualidad","category-titulares-del-dia"],"_links":{"self":[{"href":"https:\/\/primermomento.com\/index.php?rest_route=\/wp\/v2\/posts\/311460","targetHints":{"allow":["GET"]}}],"collection":[{"href":"https:\/\/primermomento.com\/index.php?rest_route=\/wp\/v2\/posts"}],"about":[{"href":"https:\/\/primermomento.com\/index.php?rest_route=\/wp\/v2\/types\/post"}],"author":[{"embeddable":true,"href":"https:\/\/primermomento.com\/index.php?rest_route=\/wp\/v2\/users\/1"}],"replies":[{"embeddable":true,"href":"https:\/\/primermomento.com\/index.php?rest_route=%2Fwp%2Fv2%2Fcomments&post=311460"}],"version-history":[{"count":1,"href":"https:\/\/primermomento.com\/index.php?rest_route=\/wp\/v2\/posts\/311460\/revisions"}],"predecessor-version":[{"id":311462,"href":"https:\/\/primermomento.com\/index.php?rest_route=\/wp\/v2\/posts\/311460\/revisions\/311462"}],"wp:attachment":[{"href":"https:\/\/primermomento.com\/index.php?rest_route=%2Fwp%2Fv2%2Fmedia&parent=311460"}],"wp:term":[{"taxonomy":"category","embeddable":true,"href":"https:\/\/primermomento.com\/index.php?rest_route=%2Fwp%2Fv2%2Fcategories&post=311460"},{"taxonomy":"post_tag","embeddable":true,"href":"https:\/\/primermomento.com\/index.php?rest_route=%2Fwp%2Fv2%2Ftags&post=311460"}],"curies":[{"name":"wp","href":"https:\/\/api.w.org\/{rel}","templated":true}]}}